{"id":15094,"date":"2018-02-20T17:35:28","date_gmt":"2018-02-20T15:35:28","guid":{"rendered":"http:\/\/www.onisilos.gr\/?p=15094"},"modified":"2018-02-19T22:21:08","modified_gmt":"2018-02-19T20:21:08","slug":"turkey-threatens-to-invade-greece","status":"publish","type":"post","link":"https:\/\/www.onisilos.gr\/?p=15094","title":{"rendered":"Turkey Threatens to Invade Greece"},"content":{"rendered":"<p style=\"text-align: justify;\">\n<p style=\"text-align: justify;\"><span style=\"font-size: 12pt;\"><b>by <\/b><b>Uzay Bulut*<\/b><b><br \/>\nFebruary 19, 2018 at 4:00 am<\/b><\/span><\/p>\n<p style=\"text-align: justify;\"><span style=\"font-size: 12pt;\">\u25aaTurkey&#8217;s ruling party, and even much of the opposition, seem intent on, if not obsessed with, invading and conquering these Greek islands, on the grounds that they are actually Turkish territory.<\/span><\/p>\n<p style=\"text-align: justify;\"><span style=\"font-size: 12pt;\">\u25aa&#8221;The things we have done so far [pale in comparison to the] even greater attempts and attacks [we are planning for] the coming days, <i>inshallah<\/i> [Allah willing].&#8221; \u2013 Turkish President Recep Tayyip Erdo\u011fan, February 12, 2018.<\/span><\/p>\n<p style=\"text-align: justify;\"><span style=\"font-size: 12pt;\">\u25aaThe head of the state-funded Directorate of Religious Affairs, the <i>Diyanet<\/i>, has openly described Turkey&#8217;s recent military invasion of Afrin as &#8220;jihad.&#8221; This designation makes sense when one considers that Muslim Turks owe their demographic majority in Asia Minor to centuries of Turkish persecution and discrimination against the Christian, Yazidi and Jewish inhabitants of the area.<\/span><\/p>\n<p style=\"text-align: justify;\"><span style=\"font-size: 12pt;\">In an incident that took place less than two weeks after the Greek Defense Ministry <a href=\"https:\/\/www.rt.com\/news\/376003-turkey-violated-greece-airspace\/\">announced<\/a> that Turkey had violated Greek airspace 138 times in a single day, a Turkish coast guard patrol boat on February 13 <a href=\"http:\/\/www.ekathimerini.com\/225780\/article\/ekathimerini\/news\/turkish-coast-guard-vessel-rams-greek-patrol-boat-off-imia\">rammed a Greek coast guard vessel<\/a> off the shore of Imia, one of many Greek islands over which Turkey claims sovereignty.<\/span><\/p>\n<p style=\"text-align: justify;\"><span style=\"font-size: 12pt;\">Most of the areas within modern Greece&#8217;s current borders were under the <a href=\"https:\/\/en.wikipedia.org\/wiki\/Ottoman_Greece\">occupation of the Ottoman Empire<\/a> from the mid-15th century until the Greek War of Independence in 1821 and the establishment of the modern Greek state in 1832. The islands, however, like the rest of Greece, are legally and historically Greek, as their names indicate.<\/span><\/p>\n<p style=\"text-align: justify;\"><span style=\"font-size: 12pt;\"><!--more--><\/span><\/p>\n<p style=\"text-align: justify;\"><span style=\"font-size: 12pt;\">Turkey&#8217;s ruling Justice and Development Party (AKP), however, and even much of the opposition seem intent on, if not obsessed with, invading and conquering these Greek islands, on the grounds that they are actually Turkish territory.<\/span><\/p>\n<p style=\"text-align: justify;\"><span style=\"font-size: 12pt;\">In December, for instance, Kemal K\u0131l\u0131\u00e7daro\u011flu, the leader of the main Turkish opposition CHP party, <a href=\"http:\/\/www.yenicaggazetesi.com.tr\/kilicdaroglu-18-adayi-alacagiz-180240h.htm\">stated<\/a> that when he wins the election in 2019, he will &#8220;invade and take over 18 Greek islands in the Aegean Sea, just as former Turkish PM Bulent Ecevit invaded Cyprus in 1974.&#8221; He said that there is &#8220;no document&#8221; proving that those islands belong to Greece.<\/span><\/p>\n<p style=\"text-align: justify;\"><span style=\"font-size: 12pt;\">Meral Ak\u015fener, the head of the newly established opposition &#8220;Good Party,&#8221; has also called for an invasion and conquest of the islands. &#8220;What is required must be done,&#8221; <a href=\"https:\/\/twitter.com\/meral_aksener\/status\/952246388800225280\">she tweeted<\/a> on January 13.<\/span><\/p>\n<p style=\"text-align: justify;\"><span style=\"font-size: 12pt;\">The most garish muscle-flexing has come from Turkish President Recep Tayyip Erdo\u011fan, of course, who seems emboldened by his <a href=\"https:\/\/www.gatestoneinstitute.org\/11870\/turkey-peace-operations\">military invasion of the Afrin region<\/a> in northern Syria having gone virtually unchallenged.<\/span><\/p>\n<p style=\"text-align: justify;\"><span style=\"font-size: 12pt;\">&#8220;We warn those who have crossed the line in the Aegean and Cyprus,&#8221; <a href=\"https:\/\/www.ntv.com.tr\/turkiye\/cumhurbaskani-erdogan-kibrista-ve-egede-haddini-asanlari-ikaz-ediyoruz,CCs4mAxfFkuxQ8wPZXUGfQ\">Erdo\u011fan declared<\/a>, continuing:<\/span><\/p>\n<p style=\"text-align: justify;\"><span style=\"font-size: 12pt;\">&#8220;Their courage persists only until they see our army, our ships and our planes&#8230; Whatever Afrin is to us, our rights in the Aegean and Cyprus are the same. Do not ever think that the natural gas exploration in the waters of Cyprus and the opportunistic attempts in the Aegean Sea drop off our radar.<\/span><\/p>\n<p style=\"text-align: justify;\"><span style=\"font-size: 12pt;\">&#8220;Just as we disrupt the plots [in the region] through Operation Euphrates Shield and Operation Olive Branch [on Syria], and soon in Manbij and other regions, we can and we will disrupt the plots of those who engage in miscalculations on our southern border&#8230; Our warships and air forces are keeping an eye on the area closely to intervene in every way when required.&#8221;<\/span><\/p>\n<p style=\"text-align: justify;\"><span style=\"font-size: 12pt;\">Referring to the days of the Ottoman Empire, <a href=\"https:\/\/www.ntv.com.tr\/turkiye\/cumhurbaskani-erdogan-kibrista-ve-egede-haddini-asanlari-ikaz-ediyoruz,CCs4mAxfFkuxQ8wPZXUGfQ\">Erdo\u011fan went on<\/a>:<\/span><\/p>\n<p style=\"text-align: justify;\"><span style=\"font-size: 12pt;\">&#8220;Those who think that we have erased from our hearts the lands from which we withdrew in tears a hundred years ago are wrong.<\/span><\/p>\n<p style=\"text-align: justify;\"><span style=\"font-size: 12pt;\">&#8220;We say at every opportunity we have that Syria, Iraq and other places in the geography [map] in our hearts are no different from our own homeland. We are struggling so that a foreign flag will not be waved anywhere where adhan [Islamic call to prayer in mosques] is recited.<\/span><\/p>\n<p style=\"text-align: justify;\"><span style=\"font-size: 12pt;\">&#8220;The things we have done so far [pale in comparison to the] even greater attempts and attacks [we are planning for] the coming days, inshallah [Allah willing].\u201d<\/span><\/p>\n<p style=\"text-align: justify;\">\n<p style=\"text-align: justify;\"><span style=\"font-size: 12pt;\"><img loading=\"lazy\" decoding=\"async\" class=\"size-full wp-image-15095 aligncenter\" src=\"http:\/\/www.onisilos.gr\/wp-content\/uploads\/2018\/02\/erdogan.jpg\" alt=\"\" width=\"1208\" height=\"964\" srcset=\"https:\/\/www.onisilos.gr\/wp-content\/uploads\/2018\/02\/erdogan.jpg 1208w, https:\/\/www.onisilos.gr\/wp-content\/uploads\/2018\/02\/erdogan-300x239.jpg 300w, https:\/\/www.onisilos.gr\/wp-content\/uploads\/2018\/02\/erdogan-768x613.jpg 768w, https:\/\/www.onisilos.gr\/wp-content\/uploads\/2018\/02\/erdogan-1024x817.jpg 1024w, https:\/\/www.onisilos.gr\/wp-content\/uploads\/2018\/02\/erdogan-600x479.jpg 600w, https:\/\/www.onisilos.gr\/wp-content\/uploads\/2018\/02\/erdogan-1170x934.jpg 1170w\" sizes=\"auto, (max-width: 1208px) 100vw, 1208px\" \/><\/span><\/p>\n<p style=\"text-align: justify;\">\n<p style=\"text-align: justify;\"><span style=\"font-size: 12pt;\">The <a href=\"https:\/\/www.britannica.com\/place\/Ottoman-Empire\">Ottoman dynasty<\/a> and empire was established by a nomadic Turkmen chief sometime around the year 1300. During the more than 600 years of the Ottoman period, the Ottoman Turks, who also represented the Islamic Caliphate, regularly launched wars of jihad, invading and occupying lands across five continents.<\/span><\/p>\n<p style=\"text-align: justify;\"><span style=\"font-size: 12pt;\"><a href=\"https:\/\/en.wikipedia.org\/wiki\/Neo-Ottomanism\">Neo-Ottomanists<\/a> in Turkey still proudly embrace the concept of jihad (Islamic holy war) against the kafirs (infidels). The head of the state-funded Directorate of Religious Affairs, the <i>Diyanet<\/i>, has openly <a href=\"https:\/\/www.birgun.net\/haber-detay\/diyanet-isleri-baskani-ndan-afrin-aciklamasi-onlar-orada-biz-burada-cihada-devam-ediyoruz-202066.html\">described<\/a> Turkey&#8217;s recent military invasion of Afrin as &#8220;jihad.&#8221;<\/span><\/p>\n<p style=\"text-align: justify;\"><span style=\"font-size: 12pt;\">This designation makes sense when one considers that Muslim Turks owe their <a href=\"https:\/\/thediplomat.com\/2016\/06\/the-epic-story-of-how-the-turks-migrated-from-central-asia-to-turkey\/\">demographic majority in Asia Minor<\/a> to centuries of Turkish Muslim persecution and discrimination against the Christian, Yazidi and Jewish inhabitants of the area. In the 11th century, Turkic jihadists from Central Asia invaded and conquered the Greek-speaking, Christian Byzantine Empire, paving the way for the gradual Turkification and Islamization of the region through methods such as murder, kidnapping, rape and forced conversions.<\/span><\/p>\n<p style=\"text-align: justify;\"><span style=\"font-size: 12pt;\">The greatest 20th century Turkish assault against Christians took place in the <a href=\"https:\/\/en.wikipedia.org\/wiki\/Armenian_Genocide\">1914-1923 genocide<\/a> of Greeks, Armenians and Assyrians (Syriacs\/Chaldeans) in Ottoman Turkey. This did not prevent Turkey, which continues to deny the genocide, from becoming a member of NATO in 1952. The assault also did not stop Turkey, three years after joining NATO, from committing <a href=\"https:\/\/armenianweekly.com\/2014\/09\/30\/turkeys-kristallnacht\/\">a savage anti-Greek pogrom<\/a> in Istanbul or from <a href=\"https:\/\/clarionproject.org\/greeks-in-turkey-on-the-verge-of-extinction-this-population-decline-of-gre\/\">forcibly expelling<\/a> the remaining Greeks from Turkey in 1964.<\/span><\/p>\n<p style=\"text-align: justify;\"><span style=\"font-size: 12pt;\">It is precisely because the Turks have never been held accountable for their criminal actions and aggression that they continue to threaten the security and sovereignty of their neighbors. It is high time for the <a href=\"https:\/\/www.gatestoneinstitute.org\/11562\/turkey-islam-understanding\">West wake up<\/a> and take Ankara to task.<\/span><\/p>\n<p style=\"text-align: justify;\"><span style=\"font-size: 12pt;\"><i>*Uzay Bulut is a Turkish journalist born and raised in Turkey. She is presently based in Washington D.C.<\/i><\/span><\/p>\n<p style=\"text-align: justify;\"><span style=\"font-size: 12pt;\"><i>source:https:\/\/www.gatestoneinstitute.org\/11907\/turkey-greece-invasion<\/i><\/span><\/p>\n","protected":false},"excerpt":{"rendered":"<p>by Uzay Bulut* February 19, 2018 at 4:00 am \u25aaTurkey&#8217;s ruling party, and even much of the opposition, seem intent on, if not obsessed with, invading and conquering these Greek &hellip; <\/p>\n<div class='heateorSssClear'><\/div><div  class='heateor_sss_sharing_container heateor_sss_horizontal_sharing' data-heateor-sss-href='https:\/\/www.onisilos.gr\/?p=15094'><div class='heateor_sss_sharing_title' style=\"font-weight:bold\" ><\/div><div class=\"heateor_sss_sharing_ul\"><a aria-label=\"Facebook\" class=\"heateor_sss_facebook\" href=\"https:\/\/www.facebook.com\/sharer\/sharer.php?u=https%3A%2F%2Fwww.onisilos.gr%2Findex.php%3Frest_route%3D%252Fwp%252Fv2%252Fposts%252F15094\" title=\"Facebook\" rel=\"nofollow noopener\" target=\"_blank\" style=\"font-size:32px!important;box-shadow:none;display:inline-block;vertical-align:middle\"><span class=\"heateor_sss_square_count heateor_sss_facebook_count\">&nbsp;<\/span><span class=\"heateor_sss_svg\" style=\"background-color:#0765FE;width:30px;height:30px;display:inline-block;opacity:1;float:left;font-size:32px;box-shadow:none;display:inline-block;font-size:16px;padding:0 4px;vertical-align:middle;background-repeat:repeat;overflow:hidden;padding:0;cursor:pointer;box-sizing:content-box\"><svg style=\"display:block;\" focusable=\"false\" aria-hidden=\"true\" xmlns=\"http:\/\/www.w3.org\/2000\/svg\" width=\"100%\" height=\"100%\" viewBox=\"0 0 32 32\"><path fill=\"#fff\" d=\"M28 16c0-6.627-5.373-12-12-12S4 9.373 4 16c0 5.628 3.875 10.35 9.101 11.647v-7.98h-2.474V16H13.1v-1.58c0-4.085 1.849-5.978 5.859-5.978.76 0 2.072.15 2.608.298v3.325c-.283-.03-.775-.045-1.386-.045-1.967 0-2.728.745-2.728 2.683V16h3.92l-.673 3.667h-3.247v8.245C23.395 27.195 28 22.135 28 16Z\"><\/path><\/svg><\/span><\/a><a aria-label=\"Twitter\" class=\"heateor_sss_button_twitter\" href=\"https:\/\/twitter.com\/intent\/tweet?text=Turkey%20Threatens%20to%20Invade%20Greece&url=https%3A%2F%2Fwww.onisilos.gr%2Findex.php%3Frest_route%3D%252Fwp%252Fv2%252Fposts%252F15094\" title=\"Twitter\" rel=\"nofollow noopener\" target=\"_blank\" style=\"font-size:32px!important;box-shadow:none;display:inline-block;vertical-align:middle\"><span class=\"heateor_sss_square_count heateor_sss_twitter_count\">&nbsp;<\/span><span class=\"heateor_sss_svg heateor_sss_s__default heateor_sss_s_twitter\" style=\"background-color:#55acee;width:30px;height:30px;display:inline-block;opacity:1;float:left;font-size:32px;box-shadow:none;display:inline-block;font-size:16px;padding:0 4px;vertical-align:middle;background-repeat:repeat;overflow:hidden;padding:0;cursor:pointer;box-sizing:content-box\"><svg style=\"display:block;\" focusable=\"false\" aria-hidden=\"true\" xmlns=\"http:\/\/www.w3.org\/2000\/svg\" width=\"100%\" height=\"100%\" viewBox=\"-4 -4 39 39\"><path d=\"M28 8.557a9.913 9.913 0 0 1-2.828.775 4.93 4.93 0 0 0 2.166-2.725 9.738 9.738 0 0 1-3.13 1.194 4.92 4.92 0 0 0-3.593-1.55 4.924 4.924 0 0 0-4.794 6.049c-4.09-.21-7.72-2.17-10.15-5.15a4.942 4.942 0 0 0-.665 2.477c0 1.71.87 3.214 2.19 4.1a4.968 4.968 0 0 1-2.23-.616v.06c0 2.39 1.7 4.38 3.952 4.83-.414.115-.85.174-1.297.174-.318 0-.626-.03-.928-.086a4.935 4.935 0 0 0 4.6 3.42 9.893 9.893 0 0 1-6.114 2.107c-.398 0-.79-.023-1.175-.068a13.953 13.953 0 0 0 7.55 2.213c9.056 0 14.01-7.507 14.01-14.013 0-.213-.005-.426-.015-.637.96-.695 1.795-1.56 2.455-2.55z\" fill=\"#fff\"><\/path><\/svg><\/span><\/a><\/div><div class=\"heateorSssClear\"><\/div><\/div><div class='heateorSssClear'><\/div>","protected":false},"author":1,"featured_media":15096,"comment_status":"closed","ping_status":"open","sticky":false,"template":"","format":"standard","meta":{"footnotes":""},"categories":[9,1],"tags":[5978],"class_list":["post-15094","post","type-post","status-publish","format-standard","has-post-thumbnail","hentry","category-9","category-1","tag-turkey-threatens-to-invade-greece"],"aioseo_notices":[],"_links":{"self":[{"href":"https:\/\/www.onisilos.gr\/index.php?rest_route=\/wp\/v2\/posts\/15094","targetHints":{"allow":["GET"]}}],"collection":[{"href":"https:\/\/www.onisilos.gr\/index.php?rest_route=\/wp\/v2\/posts"}],"about":[{"href":"https:\/\/www.onisilos.gr\/index.php?rest_route=\/wp\/v2\/types\/post"}],"author":[{"embeddable":true,"href":"https:\/\/www.onisilos.gr\/index.php?rest_route=\/wp\/v2\/users\/1"}],"replies":[{"embeddable":true,"href":"https:\/\/www.onisilos.gr\/index.php?rest_route=%2Fwp%2Fv2%2Fcomments&post=15094"}],"version-history":[{"count":0,"href":"https:\/\/www.onisilos.gr\/index.php?rest_route=\/wp\/v2\/posts\/15094\/revisions"}],"wp:featuredmedia":[{"embeddable":true,"href":"https:\/\/www.onisilos.gr\/index.php?rest_route=\/wp\/v2\/media\/15096"}],"wp:attachment":[{"href":"https:\/\/www.onisilos.gr\/index.php?rest_route=%2Fwp%2Fv2%2Fmedia&parent=15094"}],"wp:term":[{"taxonomy":"category","embeddable":true,"href":"https:\/\/www.onisilos.gr\/index.php?rest_route=%2Fwp%2Fv2%2Fcategories&post=15094"},{"taxonomy":"post_tag","embeddable":true,"href":"https:\/\/www.onisilos.gr\/index.php?rest_route=%2Fwp%2Fv2%2Ftags&post=15094"}],"curies":[{"name":"wp","href":"https:\/\/api.w.org\/{rel}","templated":true}]}}