{"id":16648,"date":"2018-04-09T22:15:13","date_gmt":"2018-04-09T19:15:13","guid":{"rendered":"http:\/\/www.onisilos.gr\/?p=16648"},"modified":"2018-04-10T18:12:50","modified_gmt":"2018-04-10T15:12:50","slug":"terrorism-turkish-style","status":"publish","type":"post","link":"https:\/\/www.onisilos.gr\/?p=16648","title":{"rendered":"&#8220;Terrorism&#8221; Turkish Style"},"content":{"rendered":"<p style=\"text-align: justify;\"><span style=\"font-size: 12pt;\"><b>by <\/b><b>Uza<\/b><b>y Bulut<\/b><b>*<\/b><b><br \/>\nApril 8, 2018 at 5:00 am<\/b><\/span><\/p>\n<ul style=\"text-align: justify;\">\n<li><span style=\"font-size: 12pt;\">&#8220;Erdo\u011fan has cynically referred to these students as &#8216;terrorists,&#8217; vowed to expel them from Bo\u011fazi\u00e7i University, and to deny them the right to study at any other university. We have heard this kind of verbal attack from Erdo\u011fan before and it was followed by the detention of thousands of academics, journalists, artists, and human rights advocates.&#8221; \u2014 Open Letter signed by over 1,800 renowned academics from around the world, including Nobel and Pulitzer Prize laureates.<\/span><\/li>\n<li><span style=\"font-size: 12pt;\">Ankara does nothing to prevent ISIS from selling Yazidi women and children in Turkey; allows unspecified numbers of people to use Turkish territory as a point of entrance into Syria and Iraq to join ISIS or other jihadist groups; hosts and aids Hamas, a terrorist organization that proudly targets civilians and vows to obliterate Israel; and enables jihadi terrorism through the oil trade.<\/span><\/li>\n<li><span style=\"font-size: 12pt;\">Turkey, a NATO ally that considers itself a worthy candidate for EU membership, warmly welcomes and assists terrorists who commit genocidal crimes against humanity, yet persecutes non-violent academics and journalists whose opinions differ from those propagated by the regime.<\/span><\/li>\n<\/ul>\n<p style=\"text-align: justify;\"><span style=\"font-size: 12pt;\">On March 19, a group of students at Istanbul&#8217;s Bo\u011fazi\u00e7i University, Turkey&#8217;s leading institute of higher education, <a href=\"http:\/\/www.hurriyetdailynews.com\/erdogan-calls-bosporus-university-students-involved-in-afrin-protests-terrorists-129241\">demonstrated against an event<\/a> on campus. The event against which they were demonstrating, organized by the Society for Islamic Research, was to champion the Turkish soldiers who had participated in the <a href=\"https:\/\/www.gatestoneinstitute.org\/12050\/turkey-demographic-jihad\">Afrin invasion<\/a>. While the pro-government students distributed Turkish delight sweets, the counter-demonstrators unfolded a banner reading: &#8220;Invasions and massacres are not [to be celebrated] with delights.&#8221;<\/span><\/p>\n<p><!--more--><\/p>\n<p style=\"text-align: justify;\"><span style=\"font-size: 12pt;\">Turkish President Recep Tayyip Erdogan responded by having the anti-war students arrested for spreading &#8220;terrorist&#8221; propaganda. On April 3, <a href=\"https:\/\/www.reuters.com\/article\/us-turkey-security-university\/turkey-jails-pending-trial-nine-students-opposed-to-afrin-offensive-state-media-idUSKCN1HA27Y\">a Turkish court jailed<\/a> nine of them and freed the other six, pending their trial.<\/span><\/p>\n<p style=\"text-align: justify;\"><span style=\"font-size: 12pt;\">To protest what they called a &#8220;disturbing trend of criminalizing political speech and dissent in Turkey,&#8221; over 1,800 renowned academics from around the world, among them Nobel and Pulitzer Prize laureates, signed an &#8220;<a href=\"https:\/\/docs.google.com\/forms\/d\/1XOQPVdDVPY4Dco160gsYyF1ZE9WNwMbH3avUDv7vraM\/viewform?edit_requested=true\">Open Letter of Support for Students Arrested at Bo\u011fazi\u00e7i University<\/a>&#8220;. The letter reads, in part:<\/span><\/p>\n<p style=\"text-align: justify;\"><span style=\"font-size: 12pt;\">&#8220;The arrests on campus, as well as subsequent police raids of student homes and dormitories, continue a disturbing trend of criminalizing political speech and dissent in Turkey.<\/span><\/p>\n<p style=\"text-align: justify;\"><span style=\"font-size: 12pt;\">&#8220;Erdo\u011fan has cynically referred to these students as &#8216;terrorists,&#8217; vowed to expel them from Bo\u011fazi\u00e7i University, and to deny them the right to study at any other university. We have heard this kind of verbal attack from Erdo\u011fan before and it was followed by the detention of thousands of academics, journalists, artists, and human rights advocates.<\/span><\/p>\n<p style=\"text-align: justify;\"><span style=\"font-size: 12pt;\">&#8220;We call upon the Turkish government to immediately cease all investigations and arrests of students exercising political speech.&#8221;<\/span><\/p>\n<p style=\"text-align: justify;\"><span style=\"font-size: 12pt;\">The <a href=\"https:\/\/www.gatestoneinstitute.org\/6742\/turke-free-press\">curtailing of free speech<\/a> is nothing new in Erdogan&#8217;s Turkey. Anyone who dares to challenge the government&#8217;s accepted narrative runs the very real risk of being targeted and punished. Non-Turkish residents of the country are no exception.<\/span><\/p>\n<p style=\"text-align: justify;\"><span style=\"font-size: 12pt;\">Take the case of the American academic <a href=\"http:\/\/www.concernedhistorians.org\/content_files\/file\/LE\/265.pdf\">Norma Jeanne Cox<\/a>, for example. After receiving a postgraduate degree from Bo\u011fazi\u00e7i University in 1983, Cox worked as a lecturer at Istanbul University, and subsequently at the Middle East Technical University in southern Turkey, where she engaged in discussions with her students and colleagues about the <a href=\"https:\/\/www.gatestoneinstitute.org\/9769\/turkey-armenian-genocide\">1915 Armenian genocide<\/a>, the forced assimilation of Kurds, and protested against the film <a href=\"https:\/\/en.wikipedia.org\/wiki\/The_Last_Temptation_of_Christ_(film)\"><i>The Last Temptation of Christ<\/i><\/a>. For these &#8220;crimes,&#8221; she was arrested, fired from her job and ultimately deported. The Ministry of the Interior claimed that Cox had been expelled and banned from re-entering Turkey due to &#8220;her separatist activities, which were incompatible with national security.&#8221; In a suit she filed with the <a href=\"http:\/\/www.concernedhistorians.org\/content_files\/file\/LE\/265.pdf\">European Court of Human Rights<\/a> &#8212; which in 2010 convicted Turkey of violating her freedom of expression &#8212; Cox argued that her rights had been violated by Turkey because of her Christian faith and dissenting opinions.<\/span><\/p>\n<p style=\"text-align: justify;\"><span style=\"font-size: 12pt;\">Since then, little has changed. On January 11, 2016, members of &#8220;<a href=\"http:\/\/m.bianet.org\/english\/human-rights\/170978-academics-we-will-not-be-a-party-to-this-crime\">Academics for Peace<\/a>&#8221; &#8212; who signed a declaration calling for non-violence between the Turkish government and the Kurds &#8212; were detained by police, banned from going abroad, exposed to administrative investigations and dismissed from their jobs for &#8220;making propaganda for a terrorist organization,&#8221; among other perceived offenses.<\/span><\/p>\n<p style=\"text-align: justify;\"><span style=\"font-size: 12pt;\">On January 13, 2017, an Armenian MP, Garo Paylan of the opposition party HDP, <a href=\"https:\/\/pjmedia.com\/blog\/turkey-punishes-armenian-mp-for-mentioning-1915-armenian-genocide\/\">was suspended<\/a> from three sessions of parliament for delivering a speech in which he warned against repeating the mistakes of the past. &#8220;Between 1913 and 1923, Armenians, Greeks, Syriacs, and Jews&#8230; were either exiled with genocides and major massacres or subjected to population exchanges,&#8221; he said. All mentions he made of the Armenian genocide were removed from the parliamentary minutes.<\/span><\/p>\n<p style=\"text-align: justify;\"><span style=\"font-size: 12pt;\">On January 5, 2018, during a joint press conference with French President Emmanuel Macron at the \u00c9lys\u00e9e Palace in Paris, Erdogan <a href=\"https:\/\/www.reuters.com\/article\/us-france-turkey-erdogan\/turkeys-erdogan-says-some-journalists-nurture-terrorism-through-writing-idUSKBN1EU1MS\">accused members of the media<\/a> of nurturing terrorism, in response to Macron&#8217;s concern over the Turkish government&#8217;s crackdown on students, teachers and journalists:<\/span><\/p>\n<p style=\"text-align: justify;\"><span style=\"font-size: 12pt;\">&#8220;Terror doesn&#8217;t form by itself. Terror and terrorists have gardeners. These gardeners are those people viewed as thinkers. They water &#8230; from their columns on newspapers, and one day, you find, these people show up as a terrorist in front of you.&#8221;<\/span><\/p>\n<p>&nbsp;<\/p>\n<p><img loading=\"lazy\" decoding=\"async\" class=\"size-large wp-image-16649 aligncenter\" src=\"http:\/\/www.onisilos.gr\/wp-content\/uploads\/2018\/04\/erd-1024x844.jpg\" alt=\"\" width=\"1024\" height=\"844\" srcset=\"https:\/\/www.onisilos.gr\/wp-content\/uploads\/2018\/04\/erd-1024x844.jpg 1024w, https:\/\/www.onisilos.gr\/wp-content\/uploads\/2018\/04\/erd-300x247.jpg 300w, https:\/\/www.onisilos.gr\/wp-content\/uploads\/2018\/04\/erd-768x633.jpg 768w, https:\/\/www.onisilos.gr\/wp-content\/uploads\/2018\/04\/erd-600x494.jpg 600w, https:\/\/www.onisilos.gr\/wp-content\/uploads\/2018\/04\/erd-1170x964.jpg 1170w, https:\/\/www.onisilos.gr\/wp-content\/uploads\/2018\/04\/erd.jpg 1226w\" sizes=\"auto, (max-width: 1024px) 100vw, 1024px\" \/><\/p>\n<p style=\"text-align: justify;\"><span style=\"font-size: 12pt;\">Erdogan&#8217;s definition of terrorism is as skewed as Turkey&#8217;s anti-terrorism laws, frequently used and abused by the government to arrest and imprison peaceful demonstrators &#8212; a practice criticized in a 2010 Human Rights Watch (HRW) report entitled: &#8220;<a href=\"http:\/\/www.hrw.org\/report\/2010\/11\/01\/protesting-terrorist-offense\/arbitrary-use-terrorism-laws-prosecute-and\">Protesting as a Terrorist Offense<\/a>.&#8221;<\/span><\/p>\n<p style=\"text-align: justify;\"><span style=\"font-size: 12pt;\">Meanwhile, Turkish authorities turn a blind eye to actual terrorist activities in, and on behalf of, the country. Ankara does nothing to prevent ISIS from <a href=\"https:\/\/www.gatestoneinstitute.org\/7078\/turkey-isis-slaves\">selling Yazidi women and children<\/a> in Turkey; allows unspecified numbers of people to <a href=\"https:\/\/www.nytimes.com\/2015\/03\/10\/world\/europe\/despite-crackdown-path-to-join-isis-often-winds-through-porous-turkish-border.html\">use Turkish territory<\/a> as a point of entrance into Syria and Iraq to join ISIS or other jihadist groups; <a href=\"http:\/\/jcpa.org\/turkey-embraces-hamas\/\">hosts and aids<\/a> Hamas, a terrorist organization that proudly targets civilians and vows to obliterate Israel; and <a href=\"https:\/\/www.huffingtonpost.com\/david-l-phillips\/research-paper-isis-turke_b_6128950.html\">enables jihadi terrorism<\/a> through the <a href=\"https:\/\/www.huffingtonpost.com\/david-l-phillips\/research-paper-turkey-isi_b_8808024.html\">oil trade<\/a>.<\/span><\/p>\n<p style=\"text-align: justify;\"><span style=\"font-size: 12pt;\">Turkey, a NATO ally that <a href=\"https:\/\/www.gatestoneinstitute.org\/7948\/turkey-erdogan-eu\">considers itself<\/a> a worthy candidate for EU membership, warmly welcomes and assists terrorists who commit genocidal crimes against humanity, yet persecutes non-violent academics and journalists whose opinions differ from those propagated by the regime. The inversion is not only surreal; it is deadly.<\/span><\/p>\n<p style=\"text-align: justify;\"><span style=\"font-size: 12pt;\"><i>*Uzay Bulut is a Turkish journalist born and raised in Turkey. She is presently based in Washington D.C.<\/i><\/span><\/p>\n<p style=\"text-align: justify;\"><span style=\"font-size: 12pt;\"><i>source:https:\/\/www.gatestoneinstitute.org\/12124\/terrorism-turkish-style<\/i><\/span><\/p>\n","protected":false},"excerpt":{"rendered":"<p>by Uzay Bulut* April 8, 2018 at 5:00 am &#8220;Erdo\u011fan has cynically referred to these students as &#8216;terrorists,&#8217; vowed to expel them from Bo\u011fazi\u00e7i University, and to deny them the &hellip; <\/p>\n<div class='heateorSssClear'><\/div><div  class='heateor_sss_sharing_container heateor_sss_horizontal_sharing' data-heateor-sss-href='https:\/\/www.onisilos.gr\/?p=16648'><div class='heateor_sss_sharing_title' style=\"font-weight:bold\" ><\/div><div class=\"heateor_sss_sharing_ul\"><a aria-label=\"Facebook\" class=\"heateor_sss_facebook\" href=\"https:\/\/www.facebook.com\/sharer\/sharer.php?u=https%3A%2F%2Fwww.onisilos.gr%2Findex.php%3Frest_route%3D%252Fwp%252Fv2%252Fposts%252F16648\" title=\"Facebook\" rel=\"nofollow noopener\" target=\"_blank\" style=\"font-size:32px!important;box-shadow:none;display:inline-block;vertical-align:middle\"><span class=\"heateor_sss_square_count heateor_sss_facebook_count\">&nbsp;<\/span><span class=\"heateor_sss_svg\" style=\"background-color:#0765FE;width:30px;height:30px;display:inline-block;opacity:1;float:left;font-size:32px;box-shadow:none;display:inline-block;font-size:16px;padding:0 4px;vertical-align:middle;background-repeat:repeat;overflow:hidden;padding:0;cursor:pointer;box-sizing:content-box\"><svg style=\"display:block;\" focusable=\"false\" aria-hidden=\"true\" xmlns=\"http:\/\/www.w3.org\/2000\/svg\" width=\"100%\" height=\"100%\" viewBox=\"0 0 32 32\"><path fill=\"#fff\" d=\"M28 16c0-6.627-5.373-12-12-12S4 9.373 4 16c0 5.628 3.875 10.35 9.101 11.647v-7.98h-2.474V16H13.1v-1.58c0-4.085 1.849-5.978 5.859-5.978.76 0 2.072.15 2.608.298v3.325c-.283-.03-.775-.045-1.386-.045-1.967 0-2.728.745-2.728 2.683V16h3.92l-.673 3.667h-3.247v8.245C23.395 27.195 28 22.135 28 16Z\"><\/path><\/svg><\/span><\/a><a aria-label=\"Twitter\" class=\"heateor_sss_button_twitter\" href=\"https:\/\/twitter.com\/intent\/tweet?text=%22Terrorism%22%20Turkish%20Style&url=https%3A%2F%2Fwww.onisilos.gr%2Findex.php%3Frest_route%3D%252Fwp%252Fv2%252Fposts%252F16648\" title=\"Twitter\" rel=\"nofollow noopener\" target=\"_blank\" style=\"font-size:32px!important;box-shadow:none;display:inline-block;vertical-align:middle\"><span class=\"heateor_sss_square_count heateor_sss_twitter_count\">&nbsp;<\/span><span class=\"heateor_sss_svg heateor_sss_s__default heateor_sss_s_twitter\" style=\"background-color:#55acee;width:30px;height:30px;display:inline-block;opacity:1;float:left;font-size:32px;box-shadow:none;display:inline-block;font-size:16px;padding:0 4px;vertical-align:middle;background-repeat:repeat;overflow:hidden;padding:0;cursor:pointer;box-sizing:content-box\"><svg style=\"display:block;\" focusable=\"false\" aria-hidden=\"true\" xmlns=\"http:\/\/www.w3.org\/2000\/svg\" width=\"100%\" height=\"100%\" viewBox=\"-4 -4 39 39\"><path d=\"M28 8.557a9.913 9.913 0 0 1-2.828.775 4.93 4.93 0 0 0 2.166-2.725 9.738 9.738 0 0 1-3.13 1.194 4.92 4.92 0 0 0-3.593-1.55 4.924 4.924 0 0 0-4.794 6.049c-4.09-.21-7.72-2.17-10.15-5.15a4.942 4.942 0 0 0-.665 2.477c0 1.71.87 3.214 2.19 4.1a4.968 4.968 0 0 1-2.23-.616v.06c0 2.39 1.7 4.38 3.952 4.83-.414.115-.85.174-1.297.174-.318 0-.626-.03-.928-.086a4.935 4.935 0 0 0 4.6 3.42 9.893 9.893 0 0 1-6.114 2.107c-.398 0-.79-.023-1.175-.068a13.953 13.953 0 0 0 7.55 2.213c9.056 0 14.01-7.507 14.01-14.013 0-.213-.005-.426-.015-.637.96-.695 1.795-1.56 2.455-2.55z\" fill=\"#fff\"><\/path><\/svg><\/span><\/a><\/div><div class=\"heateorSssClear\"><\/div><\/div><div class='heateorSssClear'><\/div>","protected":false},"author":1,"featured_media":16650,"comment_status":"closed","ping_status":"open","sticky":false,"template":"","format":"standard","meta":{"footnotes":""},"categories":[9,1],"tags":[6473],"class_list":["post-16648","post","type-post","status-publish","format-standard","has-post-thumbnail","hentry","category-9","category-1","tag-terrorism-turkish-style"],"aioseo_notices":[],"_links":{"self":[{"href":"https:\/\/www.onisilos.gr\/index.php?rest_route=\/wp\/v2\/posts\/16648","targetHints":{"allow":["GET"]}}],"collection":[{"href":"https:\/\/www.onisilos.gr\/index.php?rest_route=\/wp\/v2\/posts"}],"about":[{"href":"https:\/\/www.onisilos.gr\/index.php?rest_route=\/wp\/v2\/types\/post"}],"author":[{"embeddable":true,"href":"https:\/\/www.onisilos.gr\/index.php?rest_route=\/wp\/v2\/users\/1"}],"replies":[{"embeddable":true,"href":"https:\/\/www.onisilos.gr\/index.php?rest_route=%2Fwp%2Fv2%2Fcomments&post=16648"}],"version-history":[{"count":0,"href":"https:\/\/www.onisilos.gr\/index.php?rest_route=\/wp\/v2\/posts\/16648\/revisions"}],"wp:featuredmedia":[{"embeddable":true,"href":"https:\/\/www.onisilos.gr\/index.php?rest_route=\/wp\/v2\/media\/16650"}],"wp:attachment":[{"href":"https:\/\/www.onisilos.gr\/index.php?rest_route=%2Fwp%2Fv2%2Fmedia&parent=16648"}],"wp:term":[{"taxonomy":"category","embeddable":true,"href":"https:\/\/www.onisilos.gr\/index.php?rest_route=%2Fwp%2Fv2%2Fcategories&post=16648"},{"taxonomy":"post_tag","embeddable":true,"href":"https:\/\/www.onisilos.gr\/index.php?rest_route=%2Fwp%2Fv2%2Ftags&post=16648"}],"curies":[{"name":"wp","href":"https:\/\/api.w.org\/{rel}","templated":true}]}}