{"id":16917,"date":"2018-04-18T15:52:47","date_gmt":"2018-04-18T12:52:47","guid":{"rendered":"http:\/\/www.onisilos.gr\/?p=16917"},"modified":"2018-04-18T15:52:47","modified_gmt":"2018-04-18T12:52:47","slug":"stoltenbergturkey-set-to-join-nato-task-force","status":"publish","type":"post","link":"https:\/\/www.onisilos.gr\/?p=16917","title":{"rendered":"Stoltenberg:Turkey set to join NATO task force"},"content":{"rendered":"<p style=\"text-align: justify;\">PRESS AND INFORMATION OFFICE<\/p>\n<p>&nbsp;<\/p>\n<p style=\"text-align: justify;\"><span style=\"font-size: 12pt;\">Turkish Hurriyet Daily News (18.04.18 <a href=\"http:\/\/www.hurriyetdailynews.com\/turkey-set-to-join-nato-task-force-stoltenberg-130457\">http:\/\/www.hurriyetdailynews.com\/turkey-set-to-join-nato-task-force-stoltenberg-130457<\/a>) reports that Turkey will be responsible for NATO\u2019s rapid response unit in a couple years, NATO Secretary General Jens Stoltenberg said.<\/span><\/p>\n<p style=\"text-align: justify;\"><span style=\"font-size: 12pt;\">\u201cI welcome the fact that for instance, Turkey in a couple years will be responsible for VJTF, the so-called Very High Readiness Joint Task Force,\u201d Stoltenberg said.<\/span><\/p>\n<p style=\"text-align: justify;\"><span style=\"font-size: 12pt;\">NATO created the VJTF during the 2014 Wales Summit in the United Kingdom as a \u201cspearhead force\u201d within the NATO Response Forces against risks and threats that might arise in Russia, the Middle East, and North Africa.<\/span><\/p>\n<p style=\"text-align: justify;\"><span style=\"font-size: 12pt;\">\u201cNATO is ready to deploy on short notice and that is part of our adaptation to a more uncertain and unpredictable security environment,\u201d he said regarding the task force.<\/span><\/p>\n<p style=\"text-align: justify;\"><span style=\"font-size: 12pt;\"><!--more--><\/span><\/p>\n<p style=\"text-align: justify;\"><span style=\"font-size: 12pt;\">According to NATO\u2019s website, the VJTF comprises a multinational 5,000-troop brigade with up to five battalions, supported by air, maritime, and special forces.<\/span><\/p>\n<p style=\"text-align: justify;\"><span style=\"font-size: 12pt;\">\u201cOnly fully operational, the VJTP will be supplemented by two additional brigades as a rapid-reinforcement capability in case of a major crisis,\u201d according to NATO.<\/span><\/p>\n<p style=\"text-align: justify;\"><span style=\"font-size: 12pt;\">\u201cIf activated, the force will be available to move immediately, following the first warnings and indicators of potential threats before a crisis begins to act as a potential deterrent to further escalation,\u201d it added.<\/span><\/p>\n<p style=\"text-align: justify;\"><span style=\"font-size: 12pt;\">Stoltenberg was in the capital Ankara for official talks in the wake of United States-led airstrikes targeting Syrian President Bashar al-Assad\u2019s regime.<\/span><\/p>\n<p style=\"text-align: justify;\"><span style=\"font-size: 12pt;\">On April 16, Stoltenberg met President Recep Tayyip Erdo\u011fan at the presidential complex where both sides discussed regional issues, including the fight against terrorism, peace in Syria, and the airstrikes in Syria on April 14.<\/span><\/p>\n<p style=\"text-align: justify;\"><span style=\"font-size: 12pt;\">Stoltenberg also met with Foreign Minister Mevl\u00fct \u00c7avu\u015fo\u011flu and Defense Minister Nurettin Canikli separately.<\/span><\/p>\n<p style=\"text-align: justify;\"><span style=\"font-size: 12pt;\"><a href=\"https:\/\/www.pio.gov.cy\/en\/%CE%B5%CF%80%CE%B9%CF%83%CE%BA%CE%BF%CF%80%CE%B7%CF%83%CE%B7-%CF%84%CE%BF%CF%85%CF%81%CE%BA%CE%BF%CE%BA%CF%85%CF%80%CF%81%CE%B9%CE%B1%CE%BA%CE%BF%CF%85-%CE%BA%CE%B1%CE%B9-%CF%84%CE%BF%CF%85%CF%81%CE%BA%CE%B9%CE%BA%CE%BF%CF%85-%CF%84%CF%85%CF%80%CE%BF%CF%85-%CE%B1%CF%81%CE%B8%CF%81%CE%BF.html?id=59\">source:https:\/\/www.pio.gov.cy\/en\/\u03b5\u03c0\u03b9\u03c3\u03ba\u03bf\u03c0\u03b7\u03c3\u03b7-\u03c4\u03bf\u03c5\u03c1\u03ba\u03bf\u03ba\u03c5\u03c0\u03c1\u03b9\u03b1\u03ba\u03bf\u03c5-\u03ba\u03b1\u03b9-\u03c4\u03bf\u03c5\u03c1\u03ba\u03b9\u03ba\u03bf\u03c5-\u03c4\u03c5\u03c0\u03bf\u03c5-\u03b1\u03c1\u03b8\u03c1\u03bf.html?id=59<\/a><\/span><\/p>\n","protected":false},"excerpt":{"rendered":"<p>PRESS AND INFORMATION OFFICE &nbsp; Turkish Hurriyet Daily News (18.04.18 http:\/\/www.hurriyetdailynews.com\/turkey-set-to-join-nato-task-force-stoltenberg-130457) reports that Turkey will be responsible for NATO\u2019s rapid response unit in a couple years, NATO Secretary General Jens &hellip; <\/p>\n<div class='heateorSssClear'><\/div><div  class='heateor_sss_sharing_container heateor_sss_horizontal_sharing' data-heateor-sss-href='https:\/\/www.onisilos.gr\/?p=16917'><div class='heateor_sss_sharing_title' style=\"font-weight:bold\" ><\/div><div class=\"heateor_sss_sharing_ul\"><a aria-label=\"Facebook\" class=\"heateor_sss_facebook\" href=\"https:\/\/www.facebook.com\/sharer\/sharer.php?u=https%3A%2F%2Fwww.onisilos.gr%2Findex.php%3Frest_route%3D%252Fwp%252Fv2%252Fposts%252F16917\" title=\"Facebook\" rel=\"nofollow noopener\" target=\"_blank\" style=\"font-size:32px!important;box-shadow:none;display:inline-block;vertical-align:middle\"><span class=\"heateor_sss_square_count heateor_sss_facebook_count\">&nbsp;<\/span><span class=\"heateor_sss_svg\" style=\"background-color:#0765FE;width:30px;height:30px;display:inline-block;opacity:1;float:left;font-size:32px;box-shadow:none;display:inline-block;font-size:16px;padding:0 4px;vertical-align:middle;background-repeat:repeat;overflow:hidden;padding:0;cursor:pointer;box-sizing:content-box\"><svg style=\"display:block;\" focusable=\"false\" aria-hidden=\"true\" xmlns=\"http:\/\/www.w3.org\/2000\/svg\" width=\"100%\" height=\"100%\" viewBox=\"0 0 32 32\"><path fill=\"#fff\" d=\"M28 16c0-6.627-5.373-12-12-12S4 9.373 4 16c0 5.628 3.875 10.35 9.101 11.647v-7.98h-2.474V16H13.1v-1.58c0-4.085 1.849-5.978 5.859-5.978.76 0 2.072.15 2.608.298v3.325c-.283-.03-.775-.045-1.386-.045-1.967 0-2.728.745-2.728 2.683V16h3.92l-.673 3.667h-3.247v8.245C23.395 27.195 28 22.135 28 16Z\"><\/path><\/svg><\/span><\/a><a aria-label=\"Twitter\" class=\"heateor_sss_button_twitter\" href=\"https:\/\/twitter.com\/intent\/tweet?text=Stoltenberg%3ATurkey%20set%20to%20join%20NATO%20task%20force&url=https%3A%2F%2Fwww.onisilos.gr%2Findex.php%3Frest_route%3D%252Fwp%252Fv2%252Fposts%252F16917\" title=\"Twitter\" rel=\"nofollow noopener\" target=\"_blank\" style=\"font-size:32px!important;box-shadow:none;display:inline-block;vertical-align:middle\"><span class=\"heateor_sss_square_count heateor_sss_twitter_count\">&nbsp;<\/span><span class=\"heateor_sss_svg heateor_sss_s__default heateor_sss_s_twitter\" style=\"background-color:#55acee;width:30px;height:30px;display:inline-block;opacity:1;float:left;font-size:32px;box-shadow:none;display:inline-block;font-size:16px;padding:0 4px;vertical-align:middle;background-repeat:repeat;overflow:hidden;padding:0;cursor:pointer;box-sizing:content-box\"><svg style=\"display:block;\" focusable=\"false\" aria-hidden=\"true\" xmlns=\"http:\/\/www.w3.org\/2000\/svg\" width=\"100%\" height=\"100%\" viewBox=\"-4 -4 39 39\"><path d=\"M28 8.557a9.913 9.913 0 0 1-2.828.775 4.93 4.93 0 0 0 2.166-2.725 9.738 9.738 0 0 1-3.13 1.194 4.92 4.92 0 0 0-3.593-1.55 4.924 4.924 0 0 0-4.794 6.049c-4.09-.21-7.72-2.17-10.15-5.15a4.942 4.942 0 0 0-.665 2.477c0 1.71.87 3.214 2.19 4.1a4.968 4.968 0 0 1-2.23-.616v.06c0 2.39 1.7 4.38 3.952 4.83-.414.115-.85.174-1.297.174-.318 0-.626-.03-.928-.086a4.935 4.935 0 0 0 4.6 3.42 9.893 9.893 0 0 1-6.114 2.107c-.398 0-.79-.023-1.175-.068a13.953 13.953 0 0 0 7.55 2.213c9.056 0 14.01-7.507 14.01-14.013 0-.213-.005-.426-.015-.637.96-.695 1.795-1.56 2.455-2.55z\" fill=\"#fff\"><\/path><\/svg><\/span><\/a><\/div><div class=\"heateorSssClear\"><\/div><\/div><div class='heateorSssClear'><\/div>","protected":false},"author":1,"featured_media":16918,"comment_status":"closed","ping_status":"open","sticky":false,"template":"","format":"standard","meta":{"footnotes":""},"categories":[9],"tags":[],"class_list":["post-16917","post","type-post","status-publish","format-standard","has-post-thumbnail","hentry","category-9"],"aioseo_notices":[],"_links":{"self":[{"href":"https:\/\/www.onisilos.gr\/index.php?rest_route=\/wp\/v2\/posts\/16917","targetHints":{"allow":["GET"]}}],"collection":[{"href":"https:\/\/www.onisilos.gr\/index.php?rest_route=\/wp\/v2\/posts"}],"about":[{"href":"https:\/\/www.onisilos.gr\/index.php?rest_route=\/wp\/v2\/types\/post"}],"author":[{"embeddable":true,"href":"https:\/\/www.onisilos.gr\/index.php?rest_route=\/wp\/v2\/users\/1"}],"replies":[{"embeddable":true,"href":"https:\/\/www.onisilos.gr\/index.php?rest_route=%2Fwp%2Fv2%2Fcomments&post=16917"}],"version-history":[{"count":0,"href":"https:\/\/www.onisilos.gr\/index.php?rest_route=\/wp\/v2\/posts\/16917\/revisions"}],"wp:featuredmedia":[{"embeddable":true,"href":"https:\/\/www.onisilos.gr\/index.php?rest_route=\/wp\/v2\/media\/16918"}],"wp:attachment":[{"href":"https:\/\/www.onisilos.gr\/index.php?rest_route=%2Fwp%2Fv2%2Fmedia&parent=16917"}],"wp:term":[{"taxonomy":"category","embeddable":true,"href":"https:\/\/www.onisilos.gr\/index.php?rest_route=%2Fwp%2Fv2%2Fcategories&post=16917"},{"taxonomy":"post_tag","embeddable":true,"href":"https:\/\/www.onisilos.gr\/index.php?rest_route=%2Fwp%2Fv2%2Ftags&post=16917"}],"curies":[{"name":"wp","href":"https:\/\/api.w.org\/{rel}","templated":true}]}}