{"id":32055,"date":"2021-06-22T19:10:46","date_gmt":"2021-06-22T16:10:46","guid":{"rendered":"https:\/\/www.onisilos.gr\/?p=32055"},"modified":"2021-06-22T19:10:46","modified_gmt":"2021-06-22T16:10:46","slug":"erdogans-caricature-state","status":"publish","type":"post","link":"https:\/\/www.onisilos.gr\/?p=32055","title":{"rendered":"Erdo\u011fan\u2019s Caricature State"},"content":{"rendered":"<p style=\"text-align: justify;\">\n<p style=\"text-align: justify;\"><span style=\"font-size: 12pt;\">By Burak Bekdil<\/span><\/p>\n<p style=\"text-align: justify;\"><span style=\"font-size: 12pt;\">June 21, 2021<\/span><\/p>\n<p style=\"text-align: justify;\"><span style=\"font-size: 12pt;\">BESA Center Perspectives Paper No. 2,077, June 21, 2021<\/span><\/p>\n<p style=\"text-align: justify;\"><span style=\"font-size: 12pt;\"><b>EXECUTIVE SUMMARY: Power fatigue <i>per se<\/i>\u00a0does not fully explain the decline of Recep Tayyip Erdo\u011fan. He will have a hard time uniting a majority of Turks around the flag and the mosque in the presidential elections of 2023.<\/b><\/span><\/p>\n<p style=\"text-align: justify;\"><span style=\"font-size: 12pt;\">The Turkish Islamists\u2019 first experience of long-term governance, now in its 19th\u00a0year, has turned the country into a caricature.<\/span><\/p>\n<p style=\"text-align: justify;\"><span style=\"font-size: 12pt;\">With annual inflation and interest rates nearing 20%, youth unemployment at 30%, and annual per capita income having fallen to barely $7,500, the popularity of President Recep Tayyip Erdo\u011fan is facing an unprecedented decline. Pollsters released <a href=\"https:\/\/www.sondakika.com\/haber\/haber-ak-parti-genel-baskan-yardimcisi-sen-canli-yayinda-14118357\/\">new data<\/a>\u00a0that for the first time\u00a0put his approval rating at below 30%. According to the research house\u00a0MetroPOLL, 46.5% of Turks <a href=\"https:\/\/www.diken.com.tr\/metropolle-gore-erdogana-kesinlikle-oy-vermem-diyenlerin-orani-bir-yilda-yuzde-10-arti\/\">say<\/a>\u00a0they would never vote for Erdo\u011fan versus 35.3% in December 2019.<\/span><\/p>\n<p style=\"text-align: justify;\"><span style=\"font-size: 12pt;\">\u201cThis is not the Turkey we dreamed of,\u201d one close Erdo\u011fan aide, and a co-founder of Erdo\u011fan\u2019s Justice and Development Party (AKP), told BESA Perspectives in unexpectedly brave remarks. The spiral of mismanagement has been running at full speed, at times astonishing even Erdo\u011fan loyalists. Turks cannot decide whether to laugh or cry over several cases that hit the headlines within the span of only one month.<\/span><\/p>\n<p style=\"text-align: justify;\"><span style=\"font-size: 12pt;\"><b>COVID relief<\/b><\/span><\/p>\n<p style=\"text-align: justify;\"><span style=\"font-size: 12pt;\">Cem Emre Ak\u0131nc\u0131, a restaurant owner in Ku\u015fadas\u0131 on the Aegean coast, applied to a special government relief program that offered cash support for small businesses affected by COVID-19. Ak\u0131nc\u0131 completed his application, containing all the documents necessary to qualify for the support. Erdo\u011fan\u2019s government received the application and made a deposit into his account of 4.63 Turkish liras, or $0.56. \u201cI hope this much money,\u201d\u00a0Ak\u0131nc\u0131 drolly commented, \u201cwill not ruin my moral compass.\u201d<\/span><\/p>\n<p style=\"text-align: justify;\"><span style=\"font-size: 12pt;\"><b>Stealth alcohol ban<\/b><\/span><\/p>\n<p style=\"text-align: justify;\"><span style=\"font-size: 12pt;\">The Ankara government announced on April 29 that it would apply full lockdown rules until May 17. Then, in a move that displayed its usual Islamist reflex, it added alcoholic beverages to a list of commodities banned from sale on supermarket shelves. As analysts attempted to grasp the logic of linking alcohol consumption to COVID-19 (cigarette sales were free), the government announced a list of other commodities inexplicably placed on the <a href=\"https:\/\/www.sozcu.com.tr\/2021\/gundem\/marketler-kaca-kadar-acik-kacta-kapaniyor-marketler-pazar-gunu-acik-mi-6420652\/\">ban list<\/a>\u00a0in an apparent attempt\u00a0to camouflage its Islamist motives: porcelain, cutlery, kitchenware, toys, DIY materials, stationery, home textiles, garden furniture, and car accessories.<\/span><\/p>\n<p style=\"text-align: justify;\"><span style=\"font-size: 12pt;\"><b>Shutting down the Supreme Court<\/b><\/span><\/p>\n<p style=\"text-align: justify;\"><span style=\"font-size: 12pt;\">At the beginning of May, Erdo\u011fan\u2019s coalition partner, ultranationalist leader Devlet Bah\u00e7eli, announced his proposals for a new Constitution. \u201cThis constitutional proposal is the democratic torch of the 100 years that lies ahead, a move by our people to build and reclaim the future,\u201d Bah\u00e7eli proudly <a href=\"https:\/\/www.reuters.com\/world\/middle-east\/erdogans-nationalist-ally-prepares-draft-turkish-constitution-2021-05-04\/\">announced<\/a>. Except that one of his 100 constitutional proposals is to shut down the Supreme Court.<\/span><\/p>\n<p style=\"text-align: justify;\"><span style=\"font-size: 12pt;\"><b>Service passports for human smuggling<\/b><\/span><\/p>\n<p style=\"text-align: justify;\"><span style=\"font-size: 12pt;\">The German authorities have undertaken an <a href=\"https:\/\/www.schengenvisainfo.com\/news\/germany-investigates-213-turkish-nationals-for-entering-germany-with-fake-service-passports\/\">investigation<\/a>\u00a0into hundreds of Turkish nationals suspected of entering German territory on illegally obtained service passports. This \u201cgrey\u201d passport allows visa-free entry to many countries and is usually issued to national athletes or government workers who need to be abroad to carry out their duties.<\/span><\/p>\n<p style=\"text-align: justify;\"><span style=\"font-size: 12pt;\">It appears that some municipalities controlled by the AKP provided hundreds of grey passports to party loyalists or sold them to family and friends who used them to emigrate to EU countries, mainly Germany.<\/span><\/p>\n<p style=\"text-align: justify;\"><span style=\"font-size: 12pt;\">\u201cThink about a state,\u201d\u00a0wrote columnist Mehmet Y. Y\u0131lmaz, \u201c\u2026 whose official service passport is now a source of suspicion at immigration gates abroad.\u201d<\/span><\/p>\n<p style=\"text-align: justify;\"><span style=\"font-size: 12pt;\"><b>Scientists cannot publish data<\/b><\/span><\/p>\n<p style=\"text-align: justify;\"><span style=\"font-size: 12pt;\">It is an open secret that Turkey\u2019s official statistics agency, TUIK, has long published doctored inflation figures in order to avoid stoking public discontent against the government. Economists say the country\u2019s actual inflation rates are at least twice the official numbers. As accusations of underreporting price data peaked, an independent inflation research group, ENAGroup, started publishing its own data in September.<\/span><\/p>\n<p style=\"text-align: justify;\"><span style=\"font-size: 12pt;\">In May, TUIK filed a <a href=\"https:\/\/www.arabnews.com\/node\/1856066\/amp\">criminal complaint<\/a>\u00a0against ENAGroup for publishing alternative data on inflation.\u00a0The government office demanded that ENAGroup be fined for \u201cpurposefully defaming\u201d the official statistics institution and \u201cmisguiding public opinion.\u201d<\/span><\/p>\n<p style=\"text-align: justify;\"><span style=\"font-size: 12pt;\">\u201cFor the first time in the history of the Turkish Republic,\u201d Treasury and Finance Minister L\u00fctfi Elvan said,\u00a0\u201cthe group aims to \u2018damage and discredit the Turkish Statistical Institute\u2019 by spreading misleading data that are used by opposition parties.\u201d<\/span><\/p>\n<p style=\"text-align: justify;\"><span style=\"font-size: 12pt;\"><b>Disrespecting a sultan\u2019s tomb<\/b><\/span><\/p>\n<p style=\"text-align: justify;\"><span style=\"font-size: 12pt;\">Ever since opposition figure Ekrem Imamo\u011flu won the Istanbul mayoral race in 2019, ending the Islamists\u2019 25-year rule in Turkey\u2019s biggest city, he has been the focus of ire from senior government figures, including Erdo\u011fan himself. The central government suspended\u00a0Imamo\u011flu\u2019s charity campaigns, including cheap bread sales to the poorest.<\/span><\/p>\n<p style=\"text-align: justify;\"><span style=\"font-size: 12pt;\">In the latest episode, the Interior Ministry launched an <a href=\"https:\/\/m.bianet.org\/english\/politics\/243545-istanbul-mayor-probed-for-walking-with-hands-folded-behind-back-at-tomb-of-ottoman-sultan\">investigation<\/a>\u00a0into Imamo\u011flu for \u201cdisrespecting Sulhan Mehmet II\u2019s tomb\u201d\u2014the resting place of\u00a0the Ottoman sultan who conquered Istanbul in 1453. A probe was opened and the mayor of Istanbul was summoned to make a statement.<\/span><\/p>\n<p style=\"text-align: justify;\"><span style=\"font-size: 12pt;\">How did this offense take place? In 2020, Imamo\u011flu visited the tomb and was photographed with his hands folded behind his back.<\/span><\/p>\n<p style=\"text-align: justify;\"><span style=\"font-size: 12pt;\">\u201cIn my opinion,\u201d Interior Minister S\u00fcleyman Soylu <a href=\"https:\/\/www.sozcu.com.tr\/2021\/gundem\/imamoglundan-soyluya-bence-suc-yaniti-6418573\/\">said<\/a>, \u201cThis [behavior] is an offense.\u201d<\/span><\/p>\n<p style=\"text-align: justify;\"><span style=\"font-size: 12pt;\">\u201cI feel so much shame on the minister\u2019s behalf,\u201d <a href=\"https:\/\/www.sozcu.com.tr\/2021\/gundem\/imamoglundan-soyluya-bence-suc-yaniti-6418573\/\">replied<\/a>\u00a0Imamo\u011flu.<\/span><\/p>\n<p style=\"text-align: justify;\"><span style=\"font-size: 12pt;\">Every day, more and more Turks are joining the ranks of the opposition. There is more to Erdogan\u2019s decline than power fatigue. He will find it very difficult to unite a majority of Turks around the flag and mosque in the presidential elections of 2023.<\/span><\/p>\n<p style=\"text-align: justify;\">\n<p style=\"text-align: justify;\"><span style=\"font-size: 12pt;\"><i>*Burak Bekdil is an Ankara-based columnist. He regularly writes for the Gatestone Institute and <\/i>Defense News<i>\u00a0and is a fellow at the Middle East Forum.<\/i><\/span><\/p>\n<p style=\"text-align: justify;\"><span style=\"font-size: 12pt;\"><i>source:https:\/\/besacenter.org\/erdogan-turkey-caricature\/<\/i><\/span><\/p>\n","protected":false},"excerpt":{"rendered":"<p>By Burak Bekdil June 21, 2021 BESA Center Perspectives Paper No. 2,077, June 21, 2021 EXECUTIVE SUMMARY: Power fatigue per se\u00a0does not fully explain the decline of Recep Tayyip Erdo\u011fan. &hellip; <\/p>\n<div class='heateorSssClear'><\/div><div  class='heateor_sss_sharing_container heateor_sss_horizontal_sharing' data-heateor-sss-href='https:\/\/www.onisilos.gr\/?p=32055'><div class='heateor_sss_sharing_title' style=\"font-weight:bold\" ><\/div><div class=\"heateor_sss_sharing_ul\"><a aria-label=\"Facebook\" class=\"heateor_sss_facebook\" href=\"https:\/\/www.facebook.com\/sharer\/sharer.php?u=https%3A%2F%2Fwww.onisilos.gr%2Findex.php%3Frest_route%3D%252Fwp%252Fv2%252Fposts%252F32055\" title=\"Facebook\" rel=\"nofollow noopener\" target=\"_blank\" style=\"font-size:32px!important;box-shadow:none;display:inline-block;vertical-align:middle\"><span class=\"heateor_sss_square_count heateor_sss_facebook_count\">&nbsp;<\/span><span class=\"heateor_sss_svg\" style=\"background-color:#0765FE;width:30px;height:30px;display:inline-block;opacity:1;float:left;font-size:32px;box-shadow:none;display:inline-block;font-size:16px;padding:0 4px;vertical-align:middle;background-repeat:repeat;overflow:hidden;padding:0;cursor:pointer;box-sizing:content-box\"><svg style=\"display:block;\" focusable=\"false\" aria-hidden=\"true\" xmlns=\"http:\/\/www.w3.org\/2000\/svg\" width=\"100%\" height=\"100%\" viewBox=\"0 0 32 32\"><path fill=\"#fff\" d=\"M28 16c0-6.627-5.373-12-12-12S4 9.373 4 16c0 5.628 3.875 10.35 9.101 11.647v-7.98h-2.474V16H13.1v-1.58c0-4.085 1.849-5.978 5.859-5.978.76 0 2.072.15 2.608.298v3.325c-.283-.03-.775-.045-1.386-.045-1.967 0-2.728.745-2.728 2.683V16h3.92l-.673 3.667h-3.247v8.245C23.395 27.195 28 22.135 28 16Z\"><\/path><\/svg><\/span><\/a><a aria-label=\"Twitter\" class=\"heateor_sss_button_twitter\" href=\"https:\/\/twitter.com\/intent\/tweet?text=Erdo%C4%9Fan%E2%80%99s%20Caricature%20State&url=https%3A%2F%2Fwww.onisilos.gr%2Findex.php%3Frest_route%3D%252Fwp%252Fv2%252Fposts%252F32055\" title=\"Twitter\" rel=\"nofollow noopener\" target=\"_blank\" style=\"font-size:32px!important;box-shadow:none;display:inline-block;vertical-align:middle\"><span class=\"heateor_sss_square_count heateor_sss_twitter_count\">&nbsp;<\/span><span class=\"heateor_sss_svg heateor_sss_s__default heateor_sss_s_twitter\" style=\"background-color:#55acee;width:30px;height:30px;display:inline-block;opacity:1;float:left;font-size:32px;box-shadow:none;display:inline-block;font-size:16px;padding:0 4px;vertical-align:middle;background-repeat:repeat;overflow:hidden;padding:0;cursor:pointer;box-sizing:content-box\"><svg style=\"display:block;\" focusable=\"false\" aria-hidden=\"true\" xmlns=\"http:\/\/www.w3.org\/2000\/svg\" width=\"100%\" height=\"100%\" viewBox=\"-4 -4 39 39\"><path d=\"M28 8.557a9.913 9.913 0 0 1-2.828.775 4.93 4.93 0 0 0 2.166-2.725 9.738 9.738 0 0 1-3.13 1.194 4.92 4.92 0 0 0-3.593-1.55 4.924 4.924 0 0 0-4.794 6.049c-4.09-.21-7.72-2.17-10.15-5.15a4.942 4.942 0 0 0-.665 2.477c0 1.71.87 3.214 2.19 4.1a4.968 4.968 0 0 1-2.23-.616v.06c0 2.39 1.7 4.38 3.952 4.83-.414.115-.85.174-1.297.174-.318 0-.626-.03-.928-.086a4.935 4.935 0 0 0 4.6 3.42 9.893 9.893 0 0 1-6.114 2.107c-.398 0-.79-.023-1.175-.068a13.953 13.953 0 0 0 7.55 2.213c9.056 0 14.01-7.507 14.01-14.013 0-.213-.005-.426-.015-.637.96-.695 1.795-1.56 2.455-2.55z\" fill=\"#fff\"><\/path><\/svg><\/span><\/a><\/div><div class=\"heateorSssClear\"><\/div><\/div><div class='heateorSssClear'><\/div>","protected":false},"author":1,"featured_media":29345,"comment_status":"closed","ping_status":"open","sticky":false,"template":"","format":"standard","meta":{"footnotes":""},"categories":[9,1],"tags":[10627],"class_list":["post-32055","post","type-post","status-publish","format-standard","has-post-thumbnail","hentry","category-9","category-1","tag-erdogans-caricature-state"],"aioseo_notices":[],"_links":{"self":[{"href":"https:\/\/www.onisilos.gr\/index.php?rest_route=\/wp\/v2\/posts\/32055","targetHints":{"allow":["GET"]}}],"collection":[{"href":"https:\/\/www.onisilos.gr\/index.php?rest_route=\/wp\/v2\/posts"}],"about":[{"href":"https:\/\/www.onisilos.gr\/index.php?rest_route=\/wp\/v2\/types\/post"}],"author":[{"embeddable":true,"href":"https:\/\/www.onisilos.gr\/index.php?rest_route=\/wp\/v2\/users\/1"}],"replies":[{"embeddable":true,"href":"https:\/\/www.onisilos.gr\/index.php?rest_route=%2Fwp%2Fv2%2Fcomments&post=32055"}],"version-history":[{"count":0,"href":"https:\/\/www.onisilos.gr\/index.php?rest_route=\/wp\/v2\/posts\/32055\/revisions"}],"wp:featuredmedia":[{"embeddable":true,"href":"https:\/\/www.onisilos.gr\/index.php?rest_route=\/wp\/v2\/media\/29345"}],"wp:attachment":[{"href":"https:\/\/www.onisilos.gr\/index.php?rest_route=%2Fwp%2Fv2%2Fmedia&parent=32055"}],"wp:term":[{"taxonomy":"category","embeddable":true,"href":"https:\/\/www.onisilos.gr\/index.php?rest_route=%2Fwp%2Fv2%2Fcategories&post=32055"},{"taxonomy":"post_tag","embeddable":true,"href":"https:\/\/www.onisilos.gr\/index.php?rest_route=%2Fwp%2Fv2%2Ftags&post=32055"}],"curies":[{"name":"wp","href":"https:\/\/api.w.org\/{rel}","templated":true}]}}