{"id":32795,"date":"2021-10-19T08:07:53","date_gmt":"2021-10-19T05:07:53","guid":{"rendered":"https:\/\/www.onisilos.gr\/?p=32795"},"modified":"2021-10-19T08:07:53","modified_gmt":"2021-10-19T05:07:53","slug":"turkeys-greater-ambitions-are-threat-to-peace-and-national-sovereignty-in-central-asia-and-beyond","status":"publish","type":"post","link":"https:\/\/www.onisilos.gr\/?p=32795","title":{"rendered":"TURKEY\u2019S GREATER AMBITIONS ARE THREAT TO PEACE AND NATIONAL SOVEREIGNTY IN CENTRAL ASIA AND BEYOND"},"content":{"rendered":"<p><span style=\"font-size: 12pt;\">18\/10\/2021<\/span><\/p>\n<p><span style=\"font-size: 12pt;\">The ideas of Pan-Turkism and \u201cGreat Turan\u201d mask a Neo-Ottoman agenda<\/span><\/p>\n<p><span style=\"font-size: 12pt;\">Written by <b>Uriel Araujo<\/b>, researcher with a focus on international and ethnic conflicts.<\/span><\/p>\n<p><span style=\"font-size: 12pt;\"><b>Turkish President Recep Tayyip Erdogan seems to be testing the waters for yet another military push into Syria, as he stated October 11 referring to Kurdish-controlled Tell Rifaat, a city in northwestern Syria. Turkish forces and their proxies have also controlled the northern Syrian city of Afrin since 2018. It seems Ankara seeks to further annex and to \u201cturkify\u201d an even larger chunk of the rebel areas of Northern Syria: it has backed Turkic militants in the Syrian-Turkish border, especially in Idlib and Latakia and imposed a Turkified school curriculum in some areas. This is an example of the threats to regional stability in the Middle East posed by Pan-Turkism. But Ankara has its eyes elsewhere too. It has interests in Afghanistan, for one. Turkish authorities have been negotiating with the Taliban to set a permanent military base in the country. And such is part of Turkish projects and ambitions in the whole Central Asian region.<\/b><\/span><\/p>\n<p><span style=\"font-size: 12pt;\">The Turkic Council \u2013 which aims to promote cooperation among Turkic-speaking states \u2013 held an extraordinary meeting in Istanbul on\u00a0 September 27 on the situation in Afghanistan and discussed a free trade agreement between the Council\u2019s members. The Council will meet again on November 12, as announced by Turkey\u2019s Foreign Minister Mevl\u00fct \u00c7avu\u015fo\u011flu. Ankara has built deep ties with Afghanistan neighbors, signing a memorandum of understanding with Uzbekistan in March and sending its Defense Minister Hulusi Akar to visit Tajikistan and Kyrgyzstan in June.<\/span><\/p>\n<p><span style=\"font-size: 12pt;\">Recently, Turkey has been engaging and <a href=\"https:\/\/infobrics.org\/post\/34143\/\">seeking rapprochement<\/a> with its traditional foes. This is part of a persistent Neo-Ottomanist agenda. Since the Proclamation of the Republic, Turkish identity has been at the crossroads between the religious values of lslam and the ethnolinguistic based nationalist ideology of Pan-Turkism. It has also been at the crossroads between \u201cEast\u201d and \u201cWest\u201d, so to speak. Turkey invested in the European project (much to no avail), starting accession negotiations with the European Union in 2005. In March 2019, the European Parliament called on the EU members to suspend talks with Ankara, citing human rights violations. Negotiations remain active but they are basically stalled.<\/span><\/p>\n<p><span style=\"font-size: 12pt;\">At the end of March this year, the European Council published a report on EU-Turkey relations which noted negative trends, as exemplified in Ankara\u2019s aggressive policies pertaining to Cyprus, <a href=\"https:\/\/infobrics.org\/post\/31762\/\">Greece<\/a>, and other countries. Ankara has been fomenting ethnic conflicts in the European continent (as it does in the Middle East) and has been seeking to create a pro-Turkey worldview, by means of the Turkish Cooperation and Coordination Agency and other bodies.<\/span><\/p>\n<p><span style=\"font-size: 12pt;\">The Republic of Turkey has been a NATO member since 1952, but experts have been talking about a Turkish \u201cEastern turn\u201d since at least 2016, when Ankara started pursuing a much more aggressive and independent foreign policy seeking integration with Arab and Muslim nations. This can <a href=\"https:\/\/infobrics.org\/post\/34350\">further complicate Turkey\u2019s already complex relationship with Russia<\/a>.<\/span><\/p>\n<p><span style=\"font-size: 12pt;\">Since the Soviet collapse, Pan-Turkist and Turanist ideas (partly inherited from the Ottoman Empire) have been employed by Ankara as a tool for soft power. Late 19th century Pan-Turkism called for the political unification of all Turkic peoples. Turanism, in its turn, has wider ambitions (encompassing peoples of both Inner and Central Asia origin), but both terms are sometimes used interchangeably.<\/span><\/p>\n<p><span style=\"font-size: 12pt;\">Having closer bilateral relations and strategic partnerships with Turkey is crucial for many Central Asian nations, which are further enhancing their defence relations with Ankara and thus seeking to balance the geopolitical state of affairs in the region. Meanwhile, Turkey has been trying to expand its influence in ways that go way beyond harmonic cooperation. The support it lent to Azerbaijan, for example, during the Karabakh war, was announced in Pan-Turkist terms, which <a href=\"https:\/\/infobrics.org\/post\/34230\/\">certainly troubles Iran<\/a>. The latter is home to a large ethnic Azeri population that often expresses Pan-Turkist separatists\u2019 sentiments.<\/span><\/p>\n<p><span style=\"font-size: 12pt;\">The idea of a \u201cGreat Turan\u201d and of the unity of Turks is thus spreading across Central Asia and South Caucasus and also amid parts of The Russian Federation, which are home to a number of Turkic-speaking peoples.<\/span><\/p>\n<p><span style=\"font-size: 12pt;\">As for the ethnic-linguistic merit of both Turanism and Pan-Turkism, one should always keep in mind that ethnological concepts and constructs \u2013 just like geopolitical notions \u2013 are attempts to describe reality, based on solid empirical data as well as on theoretical deductions, but they often are also attempts to change and shape reality, highlighting certain aspects and shadowing others, depending on the many ways social science can be instrumentalized to serve political agendas.<\/span><\/p>\n<p><span style=\"font-size: 12pt;\">Sociologist Immanuel Wallerstein in his often quoted 1987 <a href=\"https:\/\/www.jstor.org\/stable\/684478\">article<\/a> (pertaining to the <a href=\"https:\/\/infobrics.org\/post\/32487\">Polisario question in Western Sahara<\/a>) wrote that \u201cif by the year 2000 or perhaps 2020, Polisario wins the current war, there will have been a Sahrawi nation. And if Morocco wins, there will not have been. Any historian writing in 2100 will take it as a settled question, or more probably still as a non-question.\u201d Such a statement is in line with Wallerstein\u2019s position that statehood often precedes nationhood and not the other way around. Well, the same goes for larger ethnic-linguistic identities. The Western Sahara\u2019s dispute (where Ankara has its own agenda too) remains <a href=\"https:\/\/infobrics.org\/post\/32435\">unsettled<\/a>, and at this point one can only wonder about the possible outcomes of Ankara\u2019s larger claims and aspirations.<\/span><\/p>\n<p><span style=\"font-size: 12pt;\">Is the Republic of Turkey trying to promote a national awakening towards the creation of a Greater Turkey in Central Asia and beyond? It appears so, at least as a kind of \u201cdormant project\u201d and this is troublesome. For example, in August last year, Metin K\u00fcl\u00fcnk, a deputy of Erdogan\u2019s AKP party called for a \u201cGreater Turkey\u201d that would encompass large areas of Bulgaria, Cyprus and Armenia, as well as part of Northern Greece and the Aegean Islands. This is an alarming statement in itself. Later Erdogan selected the same deputy as a top manager of his party in the AKP Convention this year.<\/span><\/p>\n<p><span style=\"font-size: 12pt;\">So, behind the masks of Pan-Turkism and Turanism, one can see the reality of Neo-Ottomanism. Regardless of the many civilizational and cultural similarities the supposed Turanic area may have, we are talking about a very diverse and complex region which comprises a myriad of cultures and societies with multi-layered and ambiguous identities. Of course ethnolinguistic connections are a factor that has helped Ankara improve its relations with the Central Asian nations since the fall of the Soviet Union, but each one of these states makes its own calculations regarding such relationships and each one has its own interests. Any Ankara-led \u201cTuranic\u201d project would inevitably lead to a weakening of national identities in the region and thus a weakening of national sovereignty, with undesired consequences.<\/span><\/p>\n<p><span style=\"font-size: 12pt;\">We are in the age of great blocs and new groupings with complex formal or informal alignments, such as the Quad, the so-called <a href=\"https:\/\/infobrics.org\/post\/34267\">New Quad<\/a>, the Shanghai Cooperation Organization (SCO) and so on. Navigating through all these groupings is a huge diplomatic challenge for any global or regional actor nowadays. The Turkic Council (consisting of Turkey, Azerbaijan, Kazakhstan, Kyrgyzstan, and Uzbekistan) can be seen as such a grouping. Secretary-General of the Turkic Council Baghdad Amreyev\u2019s statement (in March) that the Turkic Council aims for a \u201cUnited States of the Turkic World\u201d is worrisome, though. In today\u2019s geopolitical chessboard there is no longer room for irredentism. Turkey now pursues a very risky foreign policy, maneuvering between global and regional players and threatening peace in Central Asia and beyond.<\/span><\/p>\n<p>&nbsp;<\/p>\n<p>source:https:\/\/southfront.org<\/p>\n","protected":false},"excerpt":{"rendered":"<p>18\/10\/2021 The ideas of Pan-Turkism and \u201cGreat Turan\u201d mask a Neo-Ottoman agenda Written by Uriel Araujo, researcher with a focus on international and ethnic conflicts. Turkish President Recep Tayyip Erdogan &hellip; <\/p>\n<div class='heateorSssClear'><\/div><div  class='heateor_sss_sharing_container heateor_sss_horizontal_sharing' data-heateor-sss-href='https:\/\/www.onisilos.gr\/?p=32795'><div class='heateor_sss_sharing_title' style=\"font-weight:bold\" ><\/div><div class=\"heateor_sss_sharing_ul\"><a aria-label=\"Facebook\" class=\"heateor_sss_facebook\" href=\"https:\/\/www.facebook.com\/sharer\/sharer.php?u=https%3A%2F%2Fwww.onisilos.gr%2Findex.php%3Frest_route%3D%252Fwp%252Fv2%252Fposts%252F32795\" title=\"Facebook\" rel=\"nofollow noopener\" target=\"_blank\" style=\"font-size:32px!important;box-shadow:none;display:inline-block;vertical-align:middle\"><span class=\"heateor_sss_square_count heateor_sss_facebook_count\">&nbsp;<\/span><span class=\"heateor_sss_svg\" style=\"background-color:#0765FE;width:30px;height:30px;display:inline-block;opacity:1;float:left;font-size:32px;box-shadow:none;display:inline-block;font-size:16px;padding:0 4px;vertical-align:middle;background-repeat:repeat;overflow:hidden;padding:0;cursor:pointer;box-sizing:content-box\"><svg style=\"display:block;\" focusable=\"false\" aria-hidden=\"true\" xmlns=\"http:\/\/www.w3.org\/2000\/svg\" width=\"100%\" height=\"100%\" viewBox=\"0 0 32 32\"><path fill=\"#fff\" d=\"M28 16c0-6.627-5.373-12-12-12S4 9.373 4 16c0 5.628 3.875 10.35 9.101 11.647v-7.98h-2.474V16H13.1v-1.58c0-4.085 1.849-5.978 5.859-5.978.76 0 2.072.15 2.608.298v3.325c-.283-.03-.775-.045-1.386-.045-1.967 0-2.728.745-2.728 2.683V16h3.92l-.673 3.667h-3.247v8.245C23.395 27.195 28 22.135 28 16Z\"><\/path><\/svg><\/span><\/a><a aria-label=\"Twitter\" class=\"heateor_sss_button_twitter\" href=\"https:\/\/twitter.com\/intent\/tweet?text=TURKEY%E2%80%99S%20GREATER%20AMBITIONS%20ARE%20THREAT%20TO%20PEACE%20AND%20NATIONAL%20SOVEREIGNTY%20IN%20CENTRAL%20ASIA%20AND%20BEYOND&url=https%3A%2F%2Fwww.onisilos.gr%2Findex.php%3Frest_route%3D%252Fwp%252Fv2%252Fposts%252F32795\" title=\"Twitter\" rel=\"nofollow noopener\" target=\"_blank\" style=\"font-size:32px!important;box-shadow:none;display:inline-block;vertical-align:middle\"><span class=\"heateor_sss_square_count heateor_sss_twitter_count\">&nbsp;<\/span><span class=\"heateor_sss_svg heateor_sss_s__default heateor_sss_s_twitter\" style=\"background-color:#55acee;width:30px;height:30px;display:inline-block;opacity:1;float:left;font-size:32px;box-shadow:none;display:inline-block;font-size:16px;padding:0 4px;vertical-align:middle;background-repeat:repeat;overflow:hidden;padding:0;cursor:pointer;box-sizing:content-box\"><svg style=\"display:block;\" focusable=\"false\" aria-hidden=\"true\" xmlns=\"http:\/\/www.w3.org\/2000\/svg\" width=\"100%\" height=\"100%\" viewBox=\"-4 -4 39 39\"><path d=\"M28 8.557a9.913 9.913 0 0 1-2.828.775 4.93 4.93 0 0 0 2.166-2.725 9.738 9.738 0 0 1-3.13 1.194 4.92 4.92 0 0 0-3.593-1.55 4.924 4.924 0 0 0-4.794 6.049c-4.09-.21-7.72-2.17-10.15-5.15a4.942 4.942 0 0 0-.665 2.477c0 1.71.87 3.214 2.19 4.1a4.968 4.968 0 0 1-2.23-.616v.06c0 2.39 1.7 4.38 3.952 4.83-.414.115-.85.174-1.297.174-.318 0-.626-.03-.928-.086a4.935 4.935 0 0 0 4.6 3.42 9.893 9.893 0 0 1-6.114 2.107c-.398 0-.79-.023-1.175-.068a13.953 13.953 0 0 0 7.55 2.213c9.056 0 14.01-7.507 14.01-14.013 0-.213-.005-.426-.015-.637.96-.695 1.795-1.56 2.455-2.55z\" fill=\"#fff\"><\/path><\/svg><\/span><\/a><\/div><div class=\"heateorSssClear\"><\/div><\/div><div class='heateorSssClear'><\/div>","protected":false},"author":1,"featured_media":32796,"comment_status":"closed","ping_status":"open","sticky":false,"template":"","format":"standard","meta":{"footnotes":""},"categories":[9,1],"tags":[91,1478,10798,10799],"class_list":["post-32795","post","type-post","status-publish","format-standard","has-post-thumbnail","hentry","category-9","category-1","tag-nato","tag-turkey","tag-turkeys-greater-ambitions-are-threat-to-peace-and-national-sovereignty-in-central-asia-and-beyond","tag-uriel-araujo"],"aioseo_notices":[],"_links":{"self":[{"href":"https:\/\/www.onisilos.gr\/index.php?rest_route=\/wp\/v2\/posts\/32795","targetHints":{"allow":["GET"]}}],"collection":[{"href":"https:\/\/www.onisilos.gr\/index.php?rest_route=\/wp\/v2\/posts"}],"about":[{"href":"https:\/\/www.onisilos.gr\/index.php?rest_route=\/wp\/v2\/types\/post"}],"author":[{"embeddable":true,"href":"https:\/\/www.onisilos.gr\/index.php?rest_route=\/wp\/v2\/users\/1"}],"replies":[{"embeddable":true,"href":"https:\/\/www.onisilos.gr\/index.php?rest_route=%2Fwp%2Fv2%2Fcomments&post=32795"}],"version-history":[{"count":0,"href":"https:\/\/www.onisilos.gr\/index.php?rest_route=\/wp\/v2\/posts\/32795\/revisions"}],"wp:featuredmedia":[{"embeddable":true,"href":"https:\/\/www.onisilos.gr\/index.php?rest_route=\/wp\/v2\/media\/32796"}],"wp:attachment":[{"href":"https:\/\/www.onisilos.gr\/index.php?rest_route=%2Fwp%2Fv2%2Fmedia&parent=32795"}],"wp:term":[{"taxonomy":"category","embeddable":true,"href":"https:\/\/www.onisilos.gr\/index.php?rest_route=%2Fwp%2Fv2%2Fcategories&post=32795"},{"taxonomy":"post_tag","embeddable":true,"href":"https:\/\/www.onisilos.gr\/index.php?rest_route=%2Fwp%2Fv2%2Ftags&post=32795"}],"curies":[{"name":"wp","href":"https:\/\/api.w.org\/{rel}","templated":true}]}}