{"id":44106,"date":"2024-07-13T07:59:40","date_gmt":"2024-07-13T04:59:40","guid":{"rendered":"https:\/\/www.onisilos.gr\/?p=44106"},"modified":"2024-07-13T07:59:40","modified_gmt":"2024-07-13T04:59:40","slug":"an-open-letter-to-ms-maria-angela-holguin-cuellar-of-colombia-the-outgoing-personal-envoy-of-the-un-secretary-general-on-cyprus","status":"publish","type":"post","link":"https:\/\/www.onisilos.gr\/?p=44106","title":{"rendered":"An open letter to Ms. Mar\u00eda Angela Holgu\u00edn Cu\u00e9llar of Colombia, the outgoing Personal Envoy of the UN Secretary-General on Cyprus"},"content":{"rendered":"<h1 class=\"single-article-title\"><span style=\"font-size: 1rem;\">Dear Madam,<\/span><\/h1>\n<div class=\"single-article-main politiki-drop-cap\">\n<div class=\"block-paragraph\">\n<div class=\"rich-text\">\n<p>I refer to your open letter which was published in English, Greek and Turkish on 7 July 2024 and publicised by the X feed of the UN in Cyprus (at <a href=\"https:\/\/x.com\/UN_CYPRUS\/status\/1809848419604738257\">https:\/\/x.com\/UN_CYPRUS\/status\/1809848419604738257<\/a>, <a href=\"https:\/\/x.com\/UN_CYPRUS\/status\/1809835095169155320\">https:\/\/x.com\/UN_CYPRUS\/status\/1809835095169155320<\/a> and <a href=\"https:\/\/x.com\/UN_CYPRUS\/status\/1809838081467359418\">https:\/\/x.com\/UN_CYPRUS\/status\/1809838081467359418<\/a>).<\/p>\n<div id=\"advert-in-article\" class=\"advert-top in-article\">\n<div id=\"div-gpt-ad-1619511129833-0\" data-google-query-id=\"CP_kzMqco4cDFVqfgwcdEhIAOw\">\n<div id=\"google_ads_iframe_\/9520043\/Simerini\/Simerini_Article_Leaderboard_B_468x60_300x100_0__container__\"><img loading=\"lazy\" decoding=\"async\" class=\"size-full wp-image-44107 aligncenter\" src=\"https:\/\/www.onisilos.gr\/wp-content\/uploads\/2024\/07\/13.5_APESTALMENE.width-600.jpeg\" alt=\"\" width=\"600\" height=\"466\" srcset=\"https:\/\/www.onisilos.gr\/wp-content\/uploads\/2024\/07\/13.5_APESTALMENE.width-600.jpeg 600w, https:\/\/www.onisilos.gr\/wp-content\/uploads\/2024\/07\/13.5_APESTALMENE.width-600-300x233.jpeg 300w\" sizes=\"auto, (max-width: 600px) 100vw, 600px\" \/><\/div>\n<\/div>\n<\/div>\n<figure class=\"bodytext-image\"><figcaption class=\"a4\"><\/figcaption><\/figure>\n<p><b>Mrs. Maria Angela Holguin Cuellar outside the Presidential Palace of the Republic of Cyprus.<\/b><\/p>\n<p>In my capacity as a journalist, I have written this open letter in response to what you have written and in order to ask you some questions which please answer.<\/p>\n<p><b>\u201c\u2026 the two leaders, Nikos Christodoulides and Ersin Tatar.\u201d<\/b><\/p>\n<p>In the first paragraph of your letter, you referred to your mandate as having begun in February 2024 and that five months later, you \u201cheld\u201d your \u201clast meeting with the two leaders, Nikos Christodoulides and Ersin Tatar.\u201d Can you please explain why you failed to refer to Mr Christodoulides by his official <i>de jure<\/i> role which is the elected President of the Republic of Cyprus? Can you please also explain why you failed to clarify that Mr Tatar is the <i>de facto<\/i>head of the purported \u201cTurkish Republic of Northern Cyprus\u201d (\u2018TRNC\u2019) which is the illegal subordinate administration of Turkey in the occupied part of the Republic of Cyprus? Why did you not cite UN Security Council Resolution 541 of 5 November 1983 in which the UN Security Council considers \u201cthat the attempt to create a \u201cTurkish Republic of Northern Cyprus\u201d is invalid, and will contribute to a worsening of the situation in Cyprus? Why did you not cite Resolution 550 of 11 May 1984 under which the UN Security Council is \u201cgravely concerned about the further secessionist acts in the occupied part of the Republic of Cyprus which are in violation of resolution 541 (1983)\u201d?<\/p>\n<p><b>\u2018this beautiful island\u2019<\/b><\/p>\n<p>In the second paragraph of your letter, you wrote the following: \u201cFor me, Cyprus was both, a new country and familiar one at the same time.\u201d You also wrote about \u201cthis beautiful island\u201d. Can you please explain why, throughout your letter, you failed to refer to the Republic of Cyprus, which is the official name of this sovereign state according to the Cyprus Act 1960 (an Act of the Parliament of the United Kingdom), the Treaty of Establishment of 1960 and the Constitution of the Republic of Cyprus of 1960? Can you please explain why, throughout your letter, you failed to refer to the European Union of which the Republic of Cyprus has been a Member State since 2004?<\/p>\n<p><b>\u201cpolitical actors and civil society\u201d<\/b><\/p>\n<p>In the third paragraph of your letter, you wrote the following: \u201cIt was also important for me to understand the vision of the political actors and civil society, as well as of the people of the island.\u201d Can you please explain why you failed to refer to the Island of Cyprus which is spelt with a capital \u2018I\u2019 in both the Cyprus Act 1960 and the Treaty of Establishment of 1960? In the interests of transparency, can you please name every one of \u201cthe political actors\u201d and \u201ccivil society\u201d organisations which you met? Is my understanding correct that you received an invitation to meet Adouloti Kyrenia, a civil society organisation representing forcibly displaced persons from Kyrenia District, but failed to respond to the invitation? If so, why did you decline its invitation?<\/p>\n<p><b>\u201cCypriots\u201d<\/b><\/p>\n<p>In the fourth paragraph of your letter, you wrote the following: \u201cNow, we must think differently, remaining convinced that a common future would bring great opportunities to all Cypriots.\u201d Can you please explain what you and the UN mean by \u201cCypriots\u201d? Do you class as \u201cCypriots\u201d the citizens of the Republic of Turkey and of other foreign sovereign states which have colonised the occupied part of the Republic of Cyprus and have been purportedly given \u201ccitizenship\u201d of the illegal \u201cTRNC\u201d?<\/p>\n<p><b>\u201cthe island\u2019s history\u201d<\/b><\/p>\n<p>In the fifth paragraph of your letter, you wrote the following: \u201cDuring this time, and after extensively researching the island\u2019s history, I perceive that too many years have been spent in confrontation and discrimination; too much time blaming the other side.\u201d Having researched this history, why did your open letter fail to mention Turkey and the United Kingdom? Whose interests have been served by your mysterious failure to mention them both? Are you not aware that Turkey was the colonial power in the Island of Cyprus from 1571 until 1878? Are you not aware that, since 1974, Turkey has been the occupying power in the occupied part of the Republic of Cyprus? Are you not aware that Turkey has inflicted discrimination against the forcibly displaced citizens of the Republic who are not Turkish or Muslim? Are you not aware that the United Kingdom was the colonial power in the Island of Cyprus from 1878 until 1960? Are you not aware that, since 1960, the United Kingdom has been the colonial power in the Sovereign Base Areas of Akrotiri and Dhekelia?<\/p>\n<p><b>\u201cthe abandoned Ermou Street\u201d<\/b><\/p>\n<p>In the sixth paragraph of your letter, you wrote the following: \u201cOn my first visit, I walked the abandoned Ermou Street, powerfully symbolizing the inability to resolve a conflict that has lasted more than 60 years.\u201d Can you please explain why, in response to the air strikes (including those involving napalm), invasions and other acts of aggression of Turkey since 1963, the UN has failed to authorise any enforcement action under Chapter VII of the UN Charter, as it has done in relation to so many other places, such as Kuwait after the Iraqi invasion of 1990? Has the part of Ermou Street you visited been \u201cabandoned\u201d? Or, in common with so many other streets in the Republic of Cyprus, has it been ethnically cleansed? If the latter, why did you not say so?<\/p>\n<p><b>\u201cso much suffering and loss\u201d<\/b><\/p>\n<p>In the seventh paragraph of your letter, you wrote the following: \u201cIn any negotiation process, it is important to recognize and understand the past. This is particularly true in Cyprus, whose history has been marked by so much suffering and loss.\u201d You are right. However, can you please explain why you failed to mention what caused all of this \u201csuffering and loss\u201d, including the murders, disappearances, forcible displacements and the violations of International Humanitarian Law and International Human Rights Law? Can you please explain why you failed to mention the \u201csuffering and loss\u201d experienced by so many women and girls who were raped by the invading Turkish forces, as established by the European Commission of Human Rights in its report adopted in 1976?<\/p>\n<p><img loading=\"lazy\" decoding=\"async\" class=\"size-full wp-image-44108 aligncenter\" src=\"https:\/\/www.onisilos.gr\/wp-content\/uploads\/2024\/07\/DEN_KsEKhNO.width-600-1.jpeg\" alt=\"\" width=\"465\" height=\"347\" srcset=\"https:\/\/www.onisilos.gr\/wp-content\/uploads\/2024\/07\/DEN_KsEKhNO.width-600-1.jpeg 465w, https:\/\/www.onisilos.gr\/wp-content\/uploads\/2024\/07\/DEN_KsEKhNO.width-600-1-300x224.jpeg 300w\" sizes=\"auto, (max-width: 465px) 100vw, 465px\" \/><\/p>\n<figure class=\"bodytext-image\"><figcaption class=\"a4\"><\/figcaption><\/figure>\n<p><b>Our symbol of DO NOT FORGET \u2013 i.e. THE TWO TURKISH BLOODY INVASIONS OF THE REPUBLIC OF CYPRUS IN 1974<\/b><\/p>\n<p><b>\u201cparallel developments\u201d<\/b><\/p>\n<p>In the eighth paragraph of your letter, you wrote: \u201cUndoubtedly, respecting differences and parallel developments, Cypriots could become reliable partners for many in the world.\u201d What do you mean by \u201cparallel developments\u201d? Are you suggesting that parallel societies should <i>de jure<\/i> exist in Cyprus, with a majority of Muslims inhabiting and in control of one \u201cstate\u201d or \u201cconstituent\u201d state which is the product of ethnic cleansing and a majority of non-Muslims inhabiting and in control of the other? Is this the outcome implicitly envisaged by UN Security Council Resolutions (1990), 750 (1992) and others which call for the Republic of Cyprus to become a \u201cbi-communal, bi-zonal federation\u201d? Why have you not called for a free, united, integrated and democratic Republic of Cyprus, in the interests of the Republic and the European Union to which it belongs? Is this because Turkey and the United Kingdom do not agree?<\/p>\n<p><b>\u201csolutions\u201d<\/b><\/p>\n<p>In the ninth paragraph of your letter, you wrote: \u201cI reiterate my invitation to connect with a common future and, above all, to seek solutions that enhance the value of each side.\u201d Why did you fail to call for \u201csolutions\u201d that enhance quality of life of each citizen of the Republic of Cyprus, particularly each displaced citizen of the Republic? Indeed, throughout your letter, why did you not mention the displaced citizens of the Republic? Is this because they will be sold out under the \u201csolutions\u201d you and the UN may have in mind? Why did you fail to mention the provisions of International Humanitarian Law which protect displaced citizens? Why did you fail to mention any of the causes of displacement, notably the discriminatory policies and aggressive military actions of Turkey?<\/p>\n<p><b>\u201cImportant insights in neuroscience\u201d<\/b><\/p>\n<p>In the tenth paragraph of your letter, which was particularly patronising, you wrote the following: \u201cImportant insights in neuroscience have broadened my understanding of some behaviours in Cyprus. They suggest that the brain perceives reality by merging past beliefs with new experiences.\u201d Can you please explain whether these \u201cinsights in neuroscience\u201d have broadened your understanding of \u201cbehaviours\u201d in Turkey? If so, can you please explain why Turkey refuses to comply with International Humanitarian Law, why Turkey refuses to comply with so many other elements of International Law and why Turkey refuses to comply with so many judgments of the European Court of Human Rights? Can you please explain why Turkey refuses to ensure the protection of women, as proven by the rapes inflicted by its armed forces in the Republic of Cyprus and by its unilateral withdrawal from the Council of Europe Convention on preventing and combating violence against women and domestic violence? Do these \u201cinsights in neuroscience\u201d explain why Turkey has recently become both a major destination country and major transit country for cocaine trafficked from Columbia, the sovereign state of which you are a former foreign minister?<\/p>\n<p><b>\u201clong-term well-being\u201d<\/b><\/p>\n<p>In the eleventh paragraph of your letter, you wrote that \u201chistory teaches us that positive changes occur when leaders recognize what is at stake and focus on the long-term well-being of their communities.\u201d Can you please explain why you used the word \u2018\u201dcommunities\u201d (in the plural) which harks back to the Ottoman system of segregation based on <i>millets<\/i>, i.e. communities? Why did you fail to mention \u201cthe long-term well-being\u201d of the people of the Republic of Cyprus? Why did you fail to mention \u201cthe long-term well-being\u201d of the Republic of Cyprus? Is this because the Republic of Cyprus will cease to exist in the event of the \u201cpositive changes\u201d you have in mind?<\/p>\n<p><b>\u201ca new way forward\u201d<\/b><\/p>\n<p>In the twelfth paragraph of your letter, you wrote that you are \u201cconvinced that Cyprus deserves and can find reconciliation and a new way forward.\u2019 What did you mean by \u2018a new way forward\u201d? <b>Why did you fail to call for the liberation of the Republic of Cyprus from the ongoing occupation by Turkey?<\/b> <b>Indeed, throughout the twelve paragraphs of your open letter, why did you fail to mention Turkey and the occupation it has enforced since 1974?<\/b><\/p>\n<p><b>The meeting in London on 1 July 2024<\/b><\/p>\n<p><img loading=\"lazy\" decoding=\"async\" class=\"size-full wp-image-44040 aligncenter\" src=\"https:\/\/www.onisilos.gr\/wp-content\/uploads\/2024\/07\/E_ka_Kouegiar_me_ton_Tatar_sto_Londino.width-600.jpeg\" alt=\"\" width=\"600\" height=\"502\" srcset=\"https:\/\/www.onisilos.gr\/wp-content\/uploads\/2024\/07\/E_ka_Kouegiar_me_ton_Tatar_sto_Londino.width-600.jpeg 600w, https:\/\/www.onisilos.gr\/wp-content\/uploads\/2024\/07\/E_ka_Kouegiar_me_ton_Tatar_sto_Londino.width-600-300x251.jpeg 300w\" sizes=\"auto, (max-width: 600px) 100vw, 600px\" \/><\/p>\n<figure class=\"bodytext-image\"><figcaption class=\"a4\">Mrs Cuellar with Tatar in London<\/figcaption><\/figure>\n<p>I now turn to the \u201cpress release\u201d of the so-called \u2018TRNC Public Information Office\u2019 dated 2 July 2024 (published at <a href=\"https:\/\/pio.mfa.gov.ct.tr\/en\/president-tatar-meets-with-un-envoy-in-london\/\">https:\/\/pio.mfa.gov.ct.tr\/en\/president-tatar-meets-with-un-envoy-in-london\/<\/a>), one day after your meeting in London with Mr Tatar. Can you please explain why you met Mr Tatar in the so-called \u201cTRNC\u201ds London Representative Office\u2019? Can you please explain why you met him in London on Monday 1 July 2024, just three days before the General Election held in the United Kingdom on Thursday 4 July 2024? Why did you and Mr Tatar fail to respect the pre-election period of sensitivity in the United Kingdom? Did you notify the Foreign, Commonwealth and Development Office that you intended to meet Mr Tatar in London three days before the General Election? If so, what was its response? If not, why not?<\/p>\n<p><b>Transparency data<\/b><\/p>\n<p>Can you please release any declaration of interests which you made prior to, upon or after your appointment as Personal Envoy of the UN Secretary-General on Cyprus? Can you please reveal your salary and the size of your expenses and allowances, if any, during each month of your role as Personal Envoy? Can you please also reveal who footed the bill every month you served as Personal Envoy and whether the taxpayers of the Republic of Cyprus were called up to settle the whole or any part of any bill? What has happened to all of the letters, emails, minutes and other communications and documents accumulated by you as Personal Envoy? Have they been archived? If so, where and when will they be released to the public? If not, why not?<\/p>\n<p>I look forward to receiving your answers to my questions which I intend to publish. In the meantime, I shall be sending a copy of this open letter to Mr Ant\u00f3nio Guterres, the UN Secretary-General, and Mr Colin Stewart, the Special Representative and Head of the UN Peacekeeping Force in Cyprus.<\/p>\n<p>Please note that this open letter, which I have written in English, is a follow-up to an open letter addressed to you, previously published in Greek on 9 July 2024 by the newspaper <i>Simerini<\/i> at<\/p>\n<p><a href=\"https:\/\/simerini.sigmalive.com\/article\/2024\/7\/9\/anoikte-epistole-sten-kuria-maria-ankhela-olgkin-kouegiar\/\">https:\/\/simerini.sigmalive.com\/article\/2024\/7\/9\/anoikte-epistole-sten-kuria-maria-ankhela-olgkin-kouegiar\/<\/a><\/p>\n<p>Finally, I repeat what I wrote in my above open letter to you in Greek.<\/p>\n<p><b>&#8220;neuroscience&#8221; and our brain<\/b><\/p>\n<p><b>The brain of us Greeks is quite healthy and does not need any psychology or neuroscience. Reconciliation is not a problem for the Greeks of Cyprus Mrs. Maria, if only the Turkish Cypriots return to the Republic of Cyprus and accept a LIBERATED UNITARY STATE AND RESPECT THE RULE OF LAW. Instead of them enjoying all the rights and benefits from the Republic of Cyprus but ungratefully at the same time demand &#8230; recognition of a separate state!<\/b><\/p>\n<p>But above all, <b>this democratic right of the Greeks of Cyprus<\/b> must first be respected and put into practice without British influence and imposition, by your UN Secretary General, Mr. Antonio Guterres! Respecting the very Charter of the organization he represents, not as a servant of the British and the Turks.<\/p>\n<p>It is a pity that the government of the Republic of Cyprus does not dare to express any reaction to what you wrote. Apart from a \u201cpolite\u201d welcoming of your letter, which (<b>letter) reflects the moral decline and bankruptcy of the United Nations under the General Secretariat of your superior Mr. Antonio Guterres.<\/b><\/p>\n<p><b>Have a safe trip back to your home country.<\/b><\/p>\n<p>Yours faithfully<\/p>\n<p>FANOULLA ARGYROU<\/p>\n<p>Researcher\/journalist\/author<\/p>\n<p>12\/7\/2024<\/p>\n<p>source:https:\/\/simerini.sigmalive.com\/article\/2024\/7\/12\/an-open-letter-to-ms-maria-angela-holguin-cuellar-of-colombia-the-outgoing-personal-envoy-of-the-un-secretary-general-on-cyprus\/<\/p>\n<\/div>\n<\/div>\n<\/div>\n","protected":false},"excerpt":{"rendered":"<p>Dear Madam, I refer to your open letter which was published in English, Greek and Turkish on 7 July 2024 and publicised by the X feed of the UN in &hellip; <\/p>\n<div class='heateorSssClear'><\/div><div  class='heateor_sss_sharing_container heateor_sss_horizontal_sharing' data-heateor-sss-href='https:\/\/www.onisilos.gr\/?p=44106'><div class='heateor_sss_sharing_title' style=\"font-weight:bold\" ><\/div><div class=\"heateor_sss_sharing_ul\"><a aria-label=\"Facebook\" class=\"heateor_sss_facebook\" href=\"https:\/\/www.facebook.com\/sharer\/sharer.php?u=https%3A%2F%2Fwww.onisilos.gr%2Findex.php%3Frest_route%3D%252Fwp%252Fv2%252Fposts%252F44106\" title=\"Facebook\" rel=\"nofollow noopener\" target=\"_blank\" style=\"font-size:32px!important;box-shadow:none;display:inline-block;vertical-align:middle\"><span class=\"heateor_sss_square_count heateor_sss_facebook_count\">&nbsp;<\/span><span class=\"heateor_sss_svg\" style=\"background-color:#0765FE;width:30px;height:30px;display:inline-block;opacity:1;float:left;font-size:32px;box-shadow:none;display:inline-block;font-size:16px;padding:0 4px;vertical-align:middle;background-repeat:repeat;overflow:hidden;padding:0;cursor:pointer;box-sizing:content-box\"><svg style=\"display:block;\" focusable=\"false\" aria-hidden=\"true\" xmlns=\"http:\/\/www.w3.org\/2000\/svg\" width=\"100%\" height=\"100%\" viewBox=\"0 0 32 32\"><path fill=\"#fff\" d=\"M28 16c0-6.627-5.373-12-12-12S4 9.373 4 16c0 5.628 3.875 10.35 9.101 11.647v-7.98h-2.474V16H13.1v-1.58c0-4.085 1.849-5.978 5.859-5.978.76 0 2.072.15 2.608.298v3.325c-.283-.03-.775-.045-1.386-.045-1.967 0-2.728.745-2.728 2.683V16h3.92l-.673 3.667h-3.247v8.245C23.395 27.195 28 22.135 28 16Z\"><\/path><\/svg><\/span><\/a><a aria-label=\"Twitter\" class=\"heateor_sss_button_twitter\" href=\"https:\/\/twitter.com\/intent\/tweet?text=An%20open%20letter%20to%20Ms.%20Mar%C3%ADa%20Angela%20Holgu%C3%ADn%20Cu%C3%A9llar%20of%20Colombia%2C%20the%20outgoing%20Personal%20Envoy%20of%20the%20UN%20Secretary-General%20on%20Cyprus&url=https%3A%2F%2Fwww.onisilos.gr%2Findex.php%3Frest_route%3D%252Fwp%252Fv2%252Fposts%252F44106\" title=\"Twitter\" rel=\"nofollow noopener\" target=\"_blank\" style=\"font-size:32px!important;box-shadow:none;display:inline-block;vertical-align:middle\"><span class=\"heateor_sss_square_count heateor_sss_twitter_count\">&nbsp;<\/span><span class=\"heateor_sss_svg heateor_sss_s__default heateor_sss_s_twitter\" style=\"background-color:#55acee;width:30px;height:30px;display:inline-block;opacity:1;float:left;font-size:32px;box-shadow:none;display:inline-block;font-size:16px;padding:0 4px;vertical-align:middle;background-repeat:repeat;overflow:hidden;padding:0;cursor:pointer;box-sizing:content-box\"><svg style=\"display:block;\" focusable=\"false\" aria-hidden=\"true\" xmlns=\"http:\/\/www.w3.org\/2000\/svg\" width=\"100%\" height=\"100%\" viewBox=\"-4 -4 39 39\"><path d=\"M28 8.557a9.913 9.913 0 0 1-2.828.775 4.93 4.93 0 0 0 2.166-2.725 9.738 9.738 0 0 1-3.13 1.194 4.92 4.92 0 0 0-3.593-1.55 4.924 4.924 0 0 0-4.794 6.049c-4.09-.21-7.72-2.17-10.15-5.15a4.942 4.942 0 0 0-.665 2.477c0 1.71.87 3.214 2.19 4.1a4.968 4.968 0 0 1-2.23-.616v.06c0 2.39 1.7 4.38 3.952 4.83-.414.115-.85.174-1.297.174-.318 0-.626-.03-.928-.086a4.935 4.935 0 0 0 4.6 3.42 9.893 9.893 0 0 1-6.114 2.107c-.398 0-.79-.023-1.175-.068a13.953 13.953 0 0 0 7.55 2.213c9.056 0 14.01-7.507 14.01-14.013 0-.213-.005-.426-.015-.637.96-.695 1.795-1.56 2.455-2.55z\" fill=\"#fff\"><\/path><\/svg><\/span><\/a><\/div><div class=\"heateorSssClear\"><\/div><\/div><div class='heateorSssClear'><\/div>","protected":false},"author":1,"featured_media":44109,"comment_status":"closed","ping_status":"open","sticky":false,"template":"","format":"standard","meta":{"footnotes":""},"categories":[9,10,68],"tags":[14363,13229],"class_list":["post-44106","post","type-post","status-publish","format-standard","has-post-thumbnail","hentry","category-9","category-10","category-68","tag-an-open-letter-to-ms-maria-angela-holguin-cuellar-of-colombia","tag-maria-angela-holguin-cuellar"],"aioseo_notices":[],"_links":{"self":[{"href":"https:\/\/www.onisilos.gr\/index.php?rest_route=\/wp\/v2\/posts\/44106","targetHints":{"allow":["GET"]}}],"collection":[{"href":"https:\/\/www.onisilos.gr\/index.php?rest_route=\/wp\/v2\/posts"}],"about":[{"href":"https:\/\/www.onisilos.gr\/index.php?rest_route=\/wp\/v2\/types\/post"}],"author":[{"embeddable":true,"href":"https:\/\/www.onisilos.gr\/index.php?rest_route=\/wp\/v2\/users\/1"}],"replies":[{"embeddable":true,"href":"https:\/\/www.onisilos.gr\/index.php?rest_route=%2Fwp%2Fv2%2Fcomments&post=44106"}],"version-history":[{"count":1,"href":"https:\/\/www.onisilos.gr\/index.php?rest_route=\/wp\/v2\/posts\/44106\/revisions"}],"predecessor-version":[{"id":44110,"href":"https:\/\/www.onisilos.gr\/index.php?rest_route=\/wp\/v2\/posts\/44106\/revisions\/44110"}],"wp:featuredmedia":[{"embeddable":true,"href":"https:\/\/www.onisilos.gr\/index.php?rest_route=\/wp\/v2\/media\/44109"}],"wp:attachment":[{"href":"https:\/\/www.onisilos.gr\/index.php?rest_route=%2Fwp%2Fv2%2Fmedia&parent=44106"}],"wp:term":[{"taxonomy":"category","embeddable":true,"href":"https:\/\/www.onisilos.gr\/index.php?rest_route=%2Fwp%2Fv2%2Fcategories&post=44106"},{"taxonomy":"post_tag","embeddable":true,"href":"https:\/\/www.onisilos.gr\/index.php?rest_route=%2Fwp%2Fv2%2Ftags&post=44106"}],"curies":[{"name":"wp","href":"https:\/\/api.w.org\/{rel}","templated":true}]}}